{"id":218491,"date":"2025-07-01T15:47:10","date_gmt":"2025-07-01T15:47:10","guid":{"rendered":"https:\/\/www.europesays.com\/fr\/218491\/"},"modified":"2025-07-01T15:47:10","modified_gmt":"2025-07-01T15:47:10","slug":"en-pleine-canicule-ces-irrigateurs-agricoles-arrosent-le-bitume-et-suscitent-la-polemique","status":"publish","type":"post","link":"https:\/\/www.europesays.com\/fr\/218491\/","title":{"rendered":"En pleine canicule, ces irrigateurs agricoles arrosent le bitume et suscitent\u00a0la\u00a0pol\u00e9mique"},"content":{"rendered":"<p>            Par<br \/>\n        <strong><br \/>\n            <a href=\"https:\/\/actu.fr\/auteur\/olivia-kouassi\" title=\"Consulter tous les articles de Olivia Kouassi\" rel=\"nofollow noopener\" target=\"_blank\">Olivia Kouassi<\/a><br \/>\n        <\/strong><\/p>\n<p>        Publi\u00e9 le<\/p>\n<p>            1 juil. 2025 \u00e0 17h15        <\/p>\n<p>Derni\u00e8rement, des automobilistes ont signal\u00e9 \u2013 et parfois photographi\u00e9 \u2013 des <strong>irrigateurs agricoles projetant de l\u2019eau directement sur la chauss\u00e9e<\/strong> dans le Bas-Rhin. Des sc\u00e8nes surprenantes en pleine <a href=\"https:\/\/actu.fr\/meteo\/meteo-canicule-jusqu-a-42-c-en-temperature-ressentie-cette-semaine-pas-loin-du-seuil-dangereux_62843842.html\" rel=\"nofollow noopener\" target=\"_blank\">p\u00e9riode de canicule<\/a>, relay\u00e9es par la page Facebook Info Trafic Bas-Rhin, qui a recens\u00e9 les axes concern\u00e9s.\u00a0<\/p>\n<p>Pol\u00e9mique sur les r\u00e9seaux sociaux<\/p>\n<p class=\" wall-content\">Le post n\u2019a pas manqu\u00e9 de faire r\u00e9agir et a engendr\u00e9 <strong>plus de 300 commentaires<\/strong>. \u00ab\u2009Pourquoi ne pas les verbaliser pour ce <strong>g\u00e2chis<\/strong>, bient\u00f4t on nous demandera de ne plus arroser notre jardin alors qu\u2019avec ces pertes on [aurait pu arroser] notre potager\u2009\u00bb, s\u2019agace un internaute. \u00ab\u2009Apparemment pas concern\u00e9s par les<strong> \u00e9conomies d\u2019eau<\/strong>\u2026\u00a0 ni par la <a href=\"https:\/\/actu.fr\/tag\/securite-routiere\" rel=\"nofollow noopener\" target=\"_blank\"><strong>s\u00e9curit\u00e9 routi\u00e8re<\/strong><\/a>\u2009\u00bb, s\u2019agace une autre.<\/p>\n<p class=\" wall-content\">Mais <strong>pour quelle raison<\/strong> ces irrigateurs arrosent-ils parfois la chauss\u00e9e\u2009?<\/p>\n<p>    <img   decoding=\"async\" loading=\"lazy\" src=\"https:\/\/www.europesays.com\/fr\/wp-content\/uploads\/2025\/07\/info-trafic-bas-rhin-960x640.jpg\" alt=\"Sur la base de signalements, Info Trafic Bas-Rhin a recens\u00e9 les axes concern\u00e9s.\" width=\"960\" height=\"640\"\/><br \/>\n    Sur la base de signalements, Info Trafic Bas-Rhin a recens\u00e9 les axes concern\u00e9s.\u00ab\u2009Ce n\u2019est pas pour le plaisir d\u2019arroser la route\u2009\u00bb<\/p>\n<p class=\" wall-content\">\u00ab\u2009Ce n\u2019est pas une volont\u00e9 de l\u2019agriculteur, <strong>si on avait une solution, \u00e7a n\u2019arriverait pas<\/strong>\u2009\u00bb, d\u00e9taille Franck Moser, agriculteur c\u00e9r\u00e9alier au nord de Strasbourg (Bas-Rhin).<\/p>\n<p class=\" wall-content\">L\u2019explication \u00e0 ces appareils d\u2019irrigation qui arrosent en dehors des champs cultiv\u00e9s est ainsi purement <strong>technique<\/strong>. \u00ab\u2009Les r\u00e9glages ne sont pas automatiques. Quand on d\u00e9roule le mat\u00e9riel, on n\u2019arrive pas toujours \u00e0 estimer jusqu\u2019o\u00f9 va le jet et puis on travaille aussi avec la nature, il y a parfois du vent\u2009\u00bb, explique le jeune exploitant de semence de ma\u00efs et de betteraves. Il peut en effet y avoir jusqu\u2019\u00e0 un kilom\u00e8tre de tuyaux entre l\u2019arriv\u00e9e d\u2019eau et le canon qui peut se trouver en bordure de champs.<\/p>\n<p class=\" wall-content\">\u00ab\u2009En g\u00e9n\u00e9ral lorsque l\u2019on se rend compte que le canon est mal r\u00e9gl\u00e9 on agit, mais on n\u2019est pas toujours \u00e0 c\u00f4t\u00e9. On essaie de <strong>limiter les pertes<\/strong>, ce n\u2019est vraiment pas pour le plaisir d\u2019arroser la route\u2009\u00bb, d\u00e9taille l\u2019agriculteur.<\/p>\n<p>Une question de s\u00e9curit\u00e9<\/p>\n<p class=\" wall-content\">\u00ab\u2009Le probl\u00e8me au-del\u00e0 du gaspillage c\u2019est le c\u00f4t\u00e9 <strong>dangereux<\/strong>\u2009\u00bb, analyse une internaute sous le post d\u2019ITBR 67. Le d\u00e9trempage de la chauss\u00e9e peut notamment engendrer un <a href=\"https:\/\/actu.fr\/societe\/c-est-quoi-ce-verglas-d-ete-qui-s-invite-sur-les-routes-et-provoque-des-accidents_52614469.html\" rel=\"nofollow noopener\" target=\"_blank\"><strong>verglas d\u2019\u00e9t\u00e9.<\/strong><\/a><\/p>\n<p class=\" wall-content\">Ce <strong>ph\u00e9nom\u00e8ne de chauss\u00e9e glissante<\/strong> n\u2019appara\u00eet pas en cas de pluies intenses, qui vont nettoyer rapidement la route, mais en cas de pr\u00e9cipitations plus l\u00e9g\u00e8res, dont le volume ne permet pas d\u2019\u00e9vacuer les salet\u00e9s. Ce verglas est en fait une pellicule de particules (polluants atmosph\u00e9riques, huiles, carburants) laiss\u00e9e par le passage des v\u00e9hicules sur la route et qui devient glissante au contact de l\u2019eau.<\/p>\n<p class=\" wall-content\">Selon le gestionnaire de la page ITBR, il existe \u00e9galement le danger d\u2019\u00eatre surpris au d\u00e9tour d\u2019un virage, de jour comme de nuit, le risque \u00e9tant \u00ab\u2009particuli\u00e8rement \u00e9lev\u00e9 pour les conducteurs de deux-roues\u2009\u00bb, en raison d\u2019une perte d\u2019adh\u00e9rence ou d\u2019une r\u00e9action li\u00e9e \u00e0 l\u2019effet de surprise.<\/p>\n<p class=\" wall-content\">Suivez toute l\u2019actualit\u00e9 de vos villes et m\u00e9dias favoris en vous inscrivant \u00e0 <a href=\"https:\/\/moncompte.actu.fr\" title=\"D\u00e9couvez Mon Actu\" rel=\"nofollow noopener\" data-trk=\"{&quot;cta&quot;:{&quot;action&quot;:&quot;https:\\\/\\\/moncompte.actu.fr&quot;,&quot;category&quot;:&quot;mon compte&quot;,&quot;from&quot;:&quot;article footer&quot;,&quot;name&quot;:&quot;Mon actu&quot;,&quot;type&quot;:&quot;cta&quot;}}\" target=\"_blank\">Mon Actu<\/a>.<\/p>\n","protected":false},"excerpt":{"rendered":"Par Olivia Kouassi Publi\u00e9 le 1 juil. 2025 \u00e0 17h15 Derni\u00e8rement, des automobilistes ont signal\u00e9 \u2013 et parfois&hellip;\n","protected":false},"author":2,"featured_media":218492,"comment_status":"","ping_status":"","sticky":false,"template":"","format":"standard","meta":{"footnotes":""},"categories":[2820],"tags":[1111,11,327,3542,1777,674,1011,27,775,12,25,104,640],"class_list":{"0":"post-218491","1":"post","2":"type-post","3":"status-publish","4":"format-standard","5":"has-post-thumbnail","7":"category-strasbourg","8":"tag-actu","9":"tag-actualites","10":"tag-agriculture","11":"tag-circulation","12":"tag-eu","13":"tag-europe","14":"tag-fr","15":"tag-france","16":"tag-grand-est","17":"tag-news","18":"tag-republique-francaise","19":"tag-societe","20":"tag-strasbourg"},"share_on_mastodon":{"url":"https:\/\/pubeurope.com\/@fr\/114778763753356128","error":""},"_links":{"self":[{"href":"https:\/\/www.europesays.com\/fr\/wp-json\/wp\/v2\/posts\/218491","targetHints":{"allow":["GET"]}}],"collection":[{"href":"https:\/\/www.europesays.com\/fr\/wp-json\/wp\/v2\/posts"}],"about":[{"href":"https:\/\/www.europesays.com\/fr\/wp-json\/wp\/v2\/types\/post"}],"author":[{"embeddable":true,"href":"https:\/\/www.europesays.com\/fr\/wp-json\/wp\/v2\/users\/2"}],"replies":[{"embeddable":true,"href":"https:\/\/www.europesays.com\/fr\/wp-json\/wp\/v2\/comments?post=218491"}],"version-history":[{"count":0,"href":"https:\/\/www.europesays.com\/fr\/wp-json\/wp\/v2\/posts\/218491\/revisions"}],"wp:featuredmedia":[{"embeddable":true,"href":"https:\/\/www.europesays.com\/fr\/wp-json\/wp\/v2\/media\/218492"}],"wp:attachment":[{"href":"https:\/\/www.europesays.com\/fr\/wp-json\/wp\/v2\/media?parent=218491"}],"wp:term":[{"taxonomy":"category","embeddable":true,"href":"https:\/\/www.europesays.com\/fr\/wp-json\/wp\/v2\/categories?post=218491"},{"taxonomy":"post_tag","embeddable":true,"href":"https:\/\/www.europesays.com\/fr\/wp-json\/wp\/v2\/tags?post=218491"}],"curies":[{"name":"wp","href":"https:\/\/api.w.org\/{rel}","templated":true}]}}