{"id":218497,"date":"2025-07-01T15:50:14","date_gmt":"2025-07-01T15:50:14","guid":{"rendered":"https:\/\/www.europesays.com\/fr\/218497\/"},"modified":"2025-07-01T15:50:14","modified_gmt":"2025-07-01T15:50:14","slug":"detenu-a-la-prison-de-nantes-il-porte-plainte-apres-le-refus-de-sa-demande-de-remise-en-liberte","status":"publish","type":"post","link":"https:\/\/www.europesays.com\/fr\/218497\/","title":{"rendered":"D\u00e9tenu \u00e0 la prison de Nantes, il porte plainte apr\u00e8s le refus de sa demande de remise en libert\u00e9"},"content":{"rendered":"<p>            Par<br \/>\n        <strong><br \/>\n            <a href=\"https:\/\/actu.fr\/auteur\/redaction-nantes\" title=\"Consulter tous les articles de R\u00e9daction Nantes\" target=\"_blank\" rel=\"noopener\">R\u00e9daction Nantes<\/a><br \/>\n        <\/strong><\/p>\n<p>        Publi\u00e9 le<\/p>\n<p>            1 juil. 2025 \u00e0 17h26        <\/p>\n<p>La chambre de l\u2019instruction de la<strong> cour d\u2019appel de Rennes<\/strong> a refus\u00e9 ce vendredi 27\u00a0juin 2025 de remettre en libert\u00e9 un d\u00e9tenu de la maison d\u2019arr\u00eat de Nantes (Loire-Atlantique) plac\u00e9 \u00e0 l\u2019isolement depuis pr\u00e8s de cinq mois sur la base d\u2019un rapport \u00ab\u2009non sign\u00e9\u2009\u00bb de l\u2019administration p\u00e9nitentiaire faisant \u00e9tat d\u2019un projet d\u2019\u00e9vasion, <strong>un \u00ab\u2009faux en \u00e9criture publique\u2009\u00bb<\/strong> pour ses avocats qui ont port\u00e9 plainte contre X pour ce motif.<\/p>\n<p class=\" wall-content\">\u00ab\u2009Je ressemble \u00e0 un homme des cavernes, j\u2019ai pris 12\u00a0kg et je prends des m\u00e9dicaments pour dormir\u2009\u00bb, s\u2019\u00e9tait pourtant plaint la veille Erba T. aupr\u00e8s des juges de la chambre de l\u2019instruction \u00e0 qui il avait demand\u00e9 \u2013 en vain \u2013 de le remettre en libert\u00e9.<\/p>\n<p>\u00ab\u2009Des conditions affreuses\u2009\u00bb<\/p>\n<p class=\" wall-content\">Depuis pr\u00e8s de cinq mois, ce p\u00e8re de famille fait en effet l\u2019objet d\u2019un <strong>isolement<\/strong> d\u00e9cid\u00e9 par l\u2019administration p\u00e9nitentiaire dans \u00ab\u2009des conditions affreuses\u2009\u00bb. Il l\u2019est sur la base d\u2019un \u00ab\u2009rapport d\u2019incident non sign\u00e9\u2009\u00bb par un surveillant qui l\u2019aurait entendu dire \u00e0 d\u2019autres d\u00e9tenus en promenade \u00ab\u2009Ce n\u2019est pas hypers\u00e9curis\u00e9, \u00e7a devrait le faire\u2009\u00bb en regardant vers le ciel.<\/p>\n<p class=\" wall-content\">Depuis lors, sur la base de ce rapport donc \u00ab\u2009non sign\u00e9\u2009\u00bb, ce\u00a0Nantais de 32\u00a0ans\u00a0est donc maintenu sous ce r\u00e9gime carc\u00e9ral particuli\u00e8rement restrictif car il est soup\u00e7onn\u00e9 de projeter une \u00ab\u2009\u00e9vasion\u2009\u00bb. Mais lui soutient pour sa part n\u2019avoir \u00ab\u2009jamais prononc\u00e9 ces mots\u2009\u00bb, r\u00e9affirme l\u2019un de ses trois avocats, <strong>Me Rapha\u00ebl Chiche.<\/strong><\/p>\n<p class=\" wall-content\">Ce rapport est m\u00eame \u00ab\u2009un faux en \u00e9criture publique\u2009\u00bb, s\u2019\u00e9tait emport\u00e9<strong>\u00a0Me Ashley Keller<\/strong>, un autre de ses avocats, jeudi\u00a0lors de l\u2019audience publique. Les juges avaient alors trouv\u00e9 sa d\u00e9claration \u00ab\u2009infamante\u2009\u00bb, \u00ab\u2009voire diffamante\u2009\u00bb.<\/p>\n<p class=\" wall-content\">Depuis f\u00e9vrier\u00a02025, Erba T. n\u2019a donc \u00ab\u2009aucune interaction sociale\u2009\u00bb, \u00ab\u2009le sport se fait seul\u2009\u00bb et sa promenade est cantonn\u00e9e \u00e0 \u00ab\u2009un carr\u00e9 de cour minuscule\u2009\u00bb, d\u00e9taillent ses avocats. Il n\u2019a pas davantage \u00ab\u2009pu assister aux obs\u00e8ques\u2009\u00bb de son p\u00e8re, r\u00e9cemment d\u00e9c\u00e9d\u00e9. \u00ab\u2009Je ne peux m\u00eame plus aller chez le psychologue, maintenant c\u2019est lui qui vient \u00e0 moi\u2009\u00bb, a aussi souffl\u00e9 Erba T., apparu abattu sur l\u2019\u00e9cran de visioconf\u00e9rence.<\/p>\n<p>Un \u00ab\u2009proche\u2009\u00bb du \u00ab\u2009plus gros trafiquant de stup\u00e9fiants\u2009\u00bb de Nantes<\/p>\n<p class=\" wall-content\">La justice l\u2019avait pourtant quitt\u00e9 plus souriant, six mois plus t\u00f4t, lorsque ce \u00ab\u2009proche\u2009\u00bb d\u2019Issam Lahrach \u2013 r\u00e9put\u00e9 pour \u00eatre \u00ab\u2009le plus gros trafiquant de stup\u00e9fiants\u2009\u00bb de Nantes \u2013 <a href=\"https:\/\/actu.fr\/bretagne\/rennes_35238\/fusillades-et-tentatives-de-meurtre-jusqu-a-20-ans-de-prison-prononces-lors-du-proces-gomorra-a-rennes_62167467.html\" target=\"_blank\" rel=\"noopener\">avait \u00e9t\u00e9 acquitt\u00e9 \u00e0 l\u2019issue du proc\u00e8s des fusillades survenues \u00e0 Nantes en avril\u00a02019 entre bandes rivales.<\/a><\/p>\n<p class=\" wall-content\">Mais\u00a0l\u2019homme n\u2019\u00e9tait\u00a0toutefois\u00a0pas ressorti libre de la\u00a0cour d\u2019assises d\u2019Ille-et-Vilaine cette nuit-l\u00e0\u2009: il est mis en examen depuis pr\u00e8s de deux ans dans une autre affaire pour \u00ab\u2009importation de stup\u00e9fiants en bande organis\u00e9e\u2009\u00bb suite \u00e0 la d\u00e9couverte de <strong>364\u00a0kg de coca\u00efne<\/strong> dans un container de <strong>Montoir-de-Bretagne<\/strong> (Loire-Atlantique) en mai\u00a02022 et la saisie de <strong>\u00ab\u200923\u00a0kg\u2009\u00bb suppl\u00e9mentaires<\/strong> dans les valises d\u2019une jeune femme\u00a0<strong>\u00e0 l\u2019a\u00e9roport d\u2019Orly<\/strong> en septembre\u00a02023.<\/p>\n<p class=\" wall-content\">S\u2019il n\u2019est pas mis en examen puisque r\u00e9fugi\u00e9 au Maroc depuis plusieurs ann\u00e9es, la justice soup\u00e7onne cette fois encore Issam Lahrach d\u2019\u00eatre \u00e0 l\u2019origine de ces \u00ab\u2009importations en bande organis\u00e9e\u2009\u00bb. Dans cette affaire, Erba T. \u2013 longtemps consid\u00e9r\u00e9 comme \u00ab\u2009porte-flingue\u2009\u00bb du premier avant d\u2019\u00eatre blanchi \u2013 est cette fois soup\u00e7onn\u00e9 d\u2019\u00eatre \u00ab\u2009\u00e0 la conjonction\u2009\u00bb d\u2019un certain nombre d\u2019acteurs et d\u2019\u00eatre \u00ab\u2009sans doute encore un proche d\u2019Issam Lahrach\u2009\u00bb, a rapport\u00e9 le pr\u00e9sident de la chambre de l\u2019instruction de la cour d\u2019appel de Rennes.<\/p>\n<p class=\" wall-content\">\u00ab\u2009Il est \u00e9tabli qu\u2019il a particip\u00e9 aux faits poursuivis alors qu\u2019il \u00e9tait entour\u00e9 sur le plan familial\u2009\u00bb, s\u2019avance m\u00eame le magistrat dans son arr\u00eat rendu ce vendredi 27\u00a0juin 2025, alors que l\u2019affaire n\u2019est pourtant pas encore jug\u00e9e.<\/p>\n<p class=\" wall-content\">\u00ab\u2009La cour ne prend m\u00eame plus la peine d\u2019employer le conditionnel\u2009\u00bb, grince en r\u00e9ponse Me Rapha\u00ebl Chiche, qui a form\u00e9 <strong>un pourvoi contre cet arr\u00eat devant la Cour de cassation.<\/strong><\/p>\n<p>L\u2019\u00e9vasion de Mohamed Amra, un \u00ab\u2009point de bascule\u2009\u00bb\u2009?<\/p>\n<p class=\" wall-content\">Depuis quelques mois, de telles mesures se multiplient dans les prisons fran\u00e7aises\u2009: cet \u00ab\u2009emballement\u2009\u00bb s\u2019est en fait amorc\u00e9 avec la\u00a0commission s\u00e9natoriale sur le narcotrafic.<\/p>\n<p class=\" wall-content\">L\u2019\u00e9vasion de Mohamed Amra a aussi sans aucun doute constitu\u00e9 \u00ab\u2009un point de bascule\u2009\u00bb, du point de vue des avocats d\u2019Erba T.<\/p>\n<p class=\" wall-content\">Si le bien-fond\u00e9 de telles mises \u00e0 l\u2019isolement est th\u00e9oriquement contestable devant un tribunal administratif, en r\u00e9alit\u00e9, le fond de l\u2019affaire n\u2019est \u00e9voqu\u00e9 que dans un d\u00e9lai de \u00ab\u2009douze \u00e0 dix-huit mois\u2009\u00bb, soit bien apr\u00e8s l\u2019expiration des effets de la d\u00e9cision, courant pour trois mois.<\/p>\n<p class=\" wall-content\">\u00ab\u2009Aucun juge ind\u00e9pendant et impartial ne contr\u00f4le efficacement la l\u00e9galit\u00e9 de ces d\u00e9cisions\u2009\u00bb constitutives d\u2019une forme de \u00ab\u2009torture blanche\u2009\u00bb, en conclut donc Me Rapha\u00ebl Chiche.<\/p>\n<p class=\" wall-content\"><strong>CB (PressPepper)<\/strong><\/p>\n<p class=\" wall-content\">Suivez toute l\u2019actualit\u00e9 de vos villes et m\u00e9dias favoris en vous inscrivant \u00e0 <a href=\"https:\/\/moncompte.actu.fr\" title=\"D\u00e9couvez Mon Actu\" rel=\"nofollow noopener\" data-trk=\"{&quot;cta&quot;:{&quot;action&quot;:&quot;https:\\\/\\\/moncompte.actu.fr&quot;,&quot;category&quot;:&quot;mon compte&quot;,&quot;from&quot;:&quot;article footer&quot;,&quot;name&quot;:&quot;Mon actu&quot;,&quot;type&quot;:&quot;cta&quot;}}\" target=\"_blank\">Mon Actu<\/a>.<\/p>\n","protected":false},"excerpt":{"rendered":"Par R\u00e9daction Nantes Publi\u00e9 le 1 juil. 2025 \u00e0 17h26 La chambre de l\u2019instruction de la cour d\u2019appel&hellip;\n","protected":false},"author":2,"featured_media":218498,"comment_status":"","ping_status":"","sticky":false,"template":"","format":"standard","meta":{"footnotes":""},"categories":[2818],"tags":[1111,11,1777,674,118,1011,27,303,766,12,2636,899,25],"class_list":{"0":"post-218497","1":"post","2":"type-post","3":"status-publish","4":"format-standard","5":"has-post-thumbnail","7":"category-nantes","8":"tag-actu","9":"tag-actualites","10":"tag-eu","11":"tag-europe","12":"tag-faits-divers","13":"tag-fr","14":"tag-france","15":"tag-justice","16":"tag-nantes","17":"tag-news","18":"tag-pays-de-la-loire","19":"tag-prisons","20":"tag-republique-francaise"},"share_on_mastodon":{"url":"https:\/\/pubeurope.com\/@fr\/114778775498569672","error":""},"_links":{"self":[{"href":"https:\/\/www.europesays.com\/fr\/wp-json\/wp\/v2\/posts\/218497","targetHints":{"allow":["GET"]}}],"collection":[{"href":"https:\/\/www.europesays.com\/fr\/wp-json\/wp\/v2\/posts"}],"about":[{"href":"https:\/\/www.europesays.com\/fr\/wp-json\/wp\/v2\/types\/post"}],"author":[{"embeddable":true,"href":"https:\/\/www.europesays.com\/fr\/wp-json\/wp\/v2\/users\/2"}],"replies":[{"embeddable":true,"href":"https:\/\/www.europesays.com\/fr\/wp-json\/wp\/v2\/comments?post=218497"}],"version-history":[{"count":0,"href":"https:\/\/www.europesays.com\/fr\/wp-json\/wp\/v2\/posts\/218497\/revisions"}],"wp:featuredmedia":[{"embeddable":true,"href":"https:\/\/www.europesays.com\/fr\/wp-json\/wp\/v2\/media\/218498"}],"wp:attachment":[{"href":"https:\/\/www.europesays.com\/fr\/wp-json\/wp\/v2\/media?parent=218497"}],"wp:term":[{"taxonomy":"category","embeddable":true,"href":"https:\/\/www.europesays.com\/fr\/wp-json\/wp\/v2\/categories?post=218497"},{"taxonomy":"post_tag","embeddable":true,"href":"https:\/\/www.europesays.com\/fr\/wp-json\/wp\/v2\/tags?post=218497"}],"curies":[{"name":"wp","href":"https:\/\/api.w.org\/{rel}","templated":true}]}}