{"id":218502,"date":"2025-07-01T15:53:09","date_gmt":"2025-07-01T15:53:09","guid":{"rendered":"https:\/\/www.europesays.com\/fr\/218502\/"},"modified":"2025-07-01T15:53:09","modified_gmt":"2025-07-01T15:53:09","slug":"a-bordeaux-le-maire-ecologiste-pierre-hurmic-installe-une-centrale-solaire-sur-le-toit-de-la-base-sous-marine","status":"publish","type":"post","link":"https:\/\/www.europesays.com\/fr\/218502\/","title":{"rendered":"\u00c0 Bordeaux, le maire \u00e9cologiste Pierre Hurmic installe une centrale solaire sur le toit de la base sous-marine"},"content":{"rendered":"<p><strong>EN IMAGES &#8211;<\/strong> Une centrale solaire gigantesque doit voir le jour sur le toit de ce monument historique d\u2019ici mars 2026. Elle devrait alimenter en \u00e9lectricit\u00e9 les commerces alentour qui le d\u00e9sirent. Un premier panneau a \u00e9t\u00e9 symboliquement d\u00e9pos\u00e9 ce mardi.<\/p>\n<p class=\"fig-paragraph\">Le maire \u00e9cologiste\u00a0<a href=\"http:\/\/www.lefigaro.fr\/bordeaux\/pierre-hurmic-un-maire-ecologiste-pas-comme-les-autres-face-au-defi-de-sa-reelection-a-bordeaux-20241128\" data-fig-type=\"NewsFlash\" data-gtm-custom-categorie=\"navigation\" data-gtm-custom-action=\"crossclick\" data-gtm-custom-label=\"Contextuel\" data-gtm-event=\"customEventSPE\" data-fig-domain=\"LEFIGARO\" target=\"_blank\" rel=\"noopener\">Pierre Hurmic<\/a>\u00a0l\u2019avait promis, il l\u2019a fait. En installant des panneaux photovolta\u00efques\u00a0<a href=\"http:\/\/www.lefigaro.fr\/bordeaux\/la-base-sous-marine-de-bordeaux-construite-par-les-nazis-bientot-recouverte-de-panneaux-solaires-20240130\" data-fig-type=\"NewsFlash\" data-gtm-custom-categorie=\"navigation\" data-gtm-custom-action=\"crossclick\" data-gtm-custom-label=\"Contextuel\" data-gtm-event=\"customEventSPE\" data-fig-domain=\"LEFIGARO\" target=\"_blank\" rel=\"noopener\">sur sa base sous-marine<\/a>, Bordeaux s\u2019appr\u00eate \u00e0 poss\u00e9der \u00ab<a href=\"http:\/\/www.lefigaro.fr\/maison\/installer-des-panneaux-solaires-que-dit-la-loi-20220916\" data-fig-type=\"Article\" data-gtm-custom-categorie=\"navigation\" data-gtm-custom-action=\"crossclick\" data-gtm-custom-label=\"Contextuel\" data-gtm-event=\"customEventSPE\" data-fig-domain=\"LEFIGARO\" target=\"_blank\" rel=\"noopener\">le b\u00e2timent historique<\/a> \u00a0avec la plus grande toiture solaris\u00e9e de France\u00bb . Inaugur\u00e9 par les nazis en 1943, l\u2019\u00e9difice en b\u00e9ton arm\u00e9 couvre une surface de 43.000 carr\u00e9s &#8211; qui servait d\u2019abri aux sous-marins ennemis. Labellis\u00e9e Architecture contemporaine remarquable et situ\u00e9e au c\u0153ur du Port de la Lune (class\u00e9 au patrimoine mondial de l\u2019Unesco), la base sous-marine doit \u00eatre recouverte de 6600 panneaux solaires. Ces derniers devraient produire entre 3,4 et 3,6 gigawattheures d\u00e8s mars 2026. Le premier d\u2019entre eux a \u00e9t\u00e9 symboliquement d\u00e9pos\u00e9 sur le toit, ce mardi.<\/p>\n<p class=\"fig-paragraph\">\u00abJe tiens beaucoup \u00e0 cette exp\u00e9rimentation pour montrer qu\u2019il faut tordre le cou aux doutes et aux vents contraires sur le sujet des \u00e9nergies renouvelables\u00bb, attaque d\u2019embl\u00e9e l\u2019\u00e9dile. Avant de d\u00e9clarer\u00a0: \u00abJe voudrais souligner le caract\u00e8re exemplaire de ce qui se passe ici. Ce site garde la m\u00e9moire des travailleurs forc\u00e9s qui l\u2019ont construit. Mais de son pass\u00e9 sombre jaillit d\u00e9sormais la lumi\u00e8re d\u2019une centrale solaire qui produira l\u2019\u00e9nergie demain.\u00bb Et pour cause\u00a0: Pierre Hurmic a pour ambition d\u2019atteindre 41% d\u2019autonomie \u00e9nerg\u00e9tique \u00e0 Bordeaux d\u2019ici 2026.<\/p>\n<p>Un projet \u00e0 plus de 5 millions d\u2019euros<\/p>\n<p class=\"fig-paragraph\">Mis en \u0153uvre par la soci\u00e9t\u00e9 BoucL \u00c9nergie, le projet va co\u00fbter entre 5,5 et 5,9 millions d\u2019euros, notamment financ\u00e9 par le fonds europ\u00e9en de d\u00e9veloppement r\u00e9gional (Feder) de la Nouvelle-Aquitaine. Il a pour ambition d\u2019approvisionner les entreprises localis\u00e9es dans un rayon d\u2019un kilom\u00e8tre qui le sollicitent. La banque alimentaire est l\u2019une d\u2019entre elles. Avec cette \u00e9nergie verte qui devrait combler 60% de ses besoins \u00e9lectriques, l\u2019association esp\u00e8re r\u00e9duire le co\u00fbt in\u00e9luctable de l\u2019alimentation de ses larges entrep\u00f4ts et chambres froides.<\/p>\n<p class=\"fig-paragraph\">\u00abOn r\u00eaverait de voir toutes les grandes villes de France installer des panneaux photovolta\u00efques sur des b\u00e2timents d\u00e9j\u00e0 existants, sans concurrence avec le nucl\u00e9aire, car la France a besoin de ce mix \u00e9nerg\u00e9tique\u00bb, indique J\u00e9r\u00f4me Owczarczak, le directeur g\u00e9n\u00e9ral de BoucL \u00c9nergie. Objectif de l\u2019entreprise, qui travaille aussi avec Lidl ou le Stade du Fayet \u00e0 Saint-Gervais-les-Bains\u00a0: produire une \u00e9lectricit\u00e9 vendue environ 120 euros\/m\u00e9gawattheure \u00e0 un prix fixe, garanti durant 15 ans.\u00abJe souhaite que notre exemple soit contagieux. C\u2019est le sens de l\u2019histoire\u00bb, se r\u00e9jouit Pierre Hurmic. Le maire d\u00e9sire aussi que ce projet d\u2019envergure soit le premier d\u2019une longue s\u00e9rie fran\u00e7aise afin de relancer la fili\u00e8re nationale de production de panneaux solaires. Ces derniers sont pour l\u2019instant import\u00e9s de Chine.<\/p>\n<p>Critique de l\u2019opposition<\/p>\n<p class=\"fig-paragraph\">Cette future centrale solaire est cependant critiqu\u00e9e par Fabien Robert (Modem). Le conseiller municipal d\u2019opposition d\u00e9nonce un projet \u00ab\u00e9triqu\u00e9\u00bb, \u00absans ambition\u00bb et \u00abtout sauf visionnaire\u00bb. Dans un communiqu\u00e9 adress\u00e9 \u00e0 la presse, il critique le fait que ce chantier pr\u00e9voit seulement 13.000 m\u00e8tres carr\u00e9s de panneaux solaires alors que la superficie de la base sous-marine est trois fois sup\u00e9rieure. Il juge aussi que ce dossier a fait l\u2019objet \u00abde choix m\u00e9diocre\u00bb parce qu\u2019il \u00abfallait aller vite avant la fin de mandat\u00bb. Et Pierre Hurmic de r\u00e9pliquer\u00a0: \u00ab\u00c9triqu\u00e9\u00a0? J\u2019ai envie de dire \u00e0 Monsieur Robert que c\u2019est celui qui le dit qui l\u2019est\u00bb.<\/p>\n<p class=\"fig-paragraph\">BoucL \u00c9nergie explique de son c\u00f4t\u00e9 qu\u2019en plus des 13.000 m\u00e8tres carr\u00e9s de panneaux solaires, 9000 m\u00e8tres carr\u00e9s sont exploit\u00e9s pour cr\u00e9er des espaces permettant leur entretien. La surface restante, elle, est trop fragile pour \u00eatre \u00e9quip\u00e9e de panneaux solaires ou inadapt\u00e9es aux restrictions patrimoniales qui pr\u00e9voient que ceux-ci ne puissent pas \u00eatre vus depuis le pied du b\u00e2timent.<\/p>\n<p class=\"fig-paragraph\">Quant \u00e0 l\u2019\u00e9ternelle critique sur le recyclage desdits panneaux solaires, BoucL \u00c9nergie les balaie d\u2019un revers de la main. Recyclables \u00e0 95%, ils seront trait\u00e9s en Gironde, au sein d\u2019une\u00a0<a href=\"http:\/\/www.lefigaro.fr\/bordeaux\/pres-de-bordeaux-un-site-de-recyclage-de-panneaux-solaires-unique-au-monde-20240106\" data-fig-type=\"NewsFlash\" data-gtm-custom-categorie=\"navigation\" data-gtm-custom-action=\"crossclick\" data-gtm-custom-label=\"Contextuel\" data-gtm-event=\"customEventSPE\" data-fig-domain=\"LEFIGARO\" target=\"_blank\" rel=\"noopener\">entreprise sp\u00e9cialis\u00e9e<\/a>\u00a0situ\u00e9e \u00e0 Saint-Loub\u00e8s.<\/p>\n<p class=\"fig-slideshow__title\">\n                    La base sous-marine bient\u00f4t recouverte de panneaux solaires \u00e0 Bordeaux\n                <\/p>\n<p>Acc\u00e9der au diaporama (10)<\/p>\n","protected":false},"excerpt":{"rendered":"EN IMAGES &#8211; Une centrale solaire gigantesque doit voir le jour sur le toit de ce monument historique&hellip;\n","protected":false},"author":2,"featured_media":218503,"comment_status":"","ping_status":"","sticky":false,"template":"","format":"standard","meta":{"footnotes":""},"categories":[2817],"tags":[1111,11,1997,2916,2911,2910,2915,2909,2904,2913,2912,2914,2906,2907,1777,674,1011,27,2905,2908,7372,23511,12,2219,21812,25],"class_list":{"0":"post-218502","1":"post","2":"type-post","3":"status-publish","4":"format-standard","5":"has-post-thumbnail","7":"category-bordeaux","8":"tag-actu","9":"tag-actualites","10":"tag-bordeaux","11":"tag-bordeaux-cauderan","12":"tag-bordeaux-centre-ville","13":"tag-bordeaux-chartrons-grand-parc-jardin-public","14":"tag-bordeaux-la-bastide","15":"tag-bordeaux-maritime","16":"tag-bordeaux-metropole","17":"tag-bordeaux-nansouty-st-genes","18":"tag-bordeaux-st-augustin-tauzin-alphonse-dupeux","19":"tag-bordeaux-sud","20":"tag-capitale-de-gaule","21":"tag-cathedrale-gothique-de-saint-andre","22":"tag-eu","23":"tag-europe","24":"tag-fr","25":"tag-france","26":"tag-gironde","27":"tag-girondins-de-bordeaux","28":"tag-mairie-de-bordeaux","29":"tag-monument-historique","30":"tag-news","31":"tag-nouvelle-aquitaine","32":"tag-photovoltaique","33":"tag-republique-francaise"},"share_on_mastodon":{"url":"","error":"Validation failed: Text character limit of 500 exceeded"},"_links":{"self":[{"href":"https:\/\/www.europesays.com\/fr\/wp-json\/wp\/v2\/posts\/218502","targetHints":{"allow":["GET"]}}],"collection":[{"href":"https:\/\/www.europesays.com\/fr\/wp-json\/wp\/v2\/posts"}],"about":[{"href":"https:\/\/www.europesays.com\/fr\/wp-json\/wp\/v2\/types\/post"}],"author":[{"embeddable":true,"href":"https:\/\/www.europesays.com\/fr\/wp-json\/wp\/v2\/users\/2"}],"replies":[{"embeddable":true,"href":"https:\/\/www.europesays.com\/fr\/wp-json\/wp\/v2\/comments?post=218502"}],"version-history":[{"count":0,"href":"https:\/\/www.europesays.com\/fr\/wp-json\/wp\/v2\/posts\/218502\/revisions"}],"wp:featuredmedia":[{"embeddable":true,"href":"https:\/\/www.europesays.com\/fr\/wp-json\/wp\/v2\/media\/218503"}],"wp:attachment":[{"href":"https:\/\/www.europesays.com\/fr\/wp-json\/wp\/v2\/media?parent=218502"}],"wp:term":[{"taxonomy":"category","embeddable":true,"href":"https:\/\/www.europesays.com\/fr\/wp-json\/wp\/v2\/categories?post=218502"},{"taxonomy":"post_tag","embeddable":true,"href":"https:\/\/www.europesays.com\/fr\/wp-json\/wp\/v2\/tags?post=218502"}],"curies":[{"name":"wp","href":"https:\/\/api.w.org\/{rel}","templated":true}]}}