{"id":218512,"date":"2025-07-01T15:58:14","date_gmt":"2025-07-01T15:58:14","guid":{"rendered":"https:\/\/www.europesays.com\/fr\/218512\/"},"modified":"2025-07-01T15:58:14","modified_gmt":"2025-07-01T15:58:14","slug":"des-mesures-drastiques-a-marseille-face-au-pic-de-pollution-a-lozone","status":"publish","type":"post","link":"https:\/\/www.europesays.com\/fr\/218512\/","title":{"rendered":"Des mesures drastiques \u00e0 Marseille face au pic de pollution \u00e0 l&rsquo;ozone"},"content":{"rendered":"<p>La pr\u00e9fecture a d\u00e9cid\u00e9 d&rsquo;activer <a href=\"https:\/\/www.laprovence.com\/article\/region\/2839254528037914\/pollution-de-lair-a-lozone-la-circulation-differenciee-mise-en-place-dans-le-bassin-de-vie-davignon-une-partie-du-gard-et-le-nord-des-bouches-du-rhone\" target=\"_blank\" rel=\"nofollow noopener\">la proc\u00e9dure d&rsquo;alerte de niveau 2 <\/a>compte tenu de l&rsquo;\u00e9pisode de pollution \u00e0 l&rsquo;ozone annonc\u00e9 pour ce mercredi 2 juillet. La M\u00e9tropole adapte ainsi l&rsquo;offre de transports afin d&rsquo;inciter les Marseillais \u00e0 les utiliser. Depuis lundi 30 juin, o\u00f9 le niveau d&rsquo;alerte 1 avait \u00e9t\u00e9 atteint, les 30 premi\u00e8res minutes de chaque trajet avec \u00ab\u00a0Lev\u00e9lo\u00a0\u00bb sont gratuites (puis factur\u00e9es 0,05\u20ac la minute). D\u00e8s mercredi, les titres Solo, Solo secours et Open payment (par carte bancaire) seront valables toute la journ\u00e9e sur le r\u00e9seau de la RTM (bus, tram, m\u00e9tro). Les parkings relais de la M\u00e9tropole seront \u00e9galement gratuits pour tous les usagers de la RTM (\u00e0 l&rsquo;exception des parkings Vallier, Timone et Blancarde). L&rsquo;offre de m\u00e9tro et de tram sera ajust\u00e9e en fonction de la fr\u00e9quentation.\u00a0<\/p>\n<p>Sur autoroute, la vitesse est abaiss\u00e9e de 20 km\/h (jusqu&rsquo;\u00e0 70 km\/h). En ville, seuls les v\u00e9hicules \u00e9lectriques ou thermiques dot\u00e9s d&rsquo;une vignette Crit&rsquo;Air 1 ou 2 pourront entrer dans le p\u00e9rim\u00e8tre de la Zone \u00e0 faibles \u00e9missions,<a href=\"https:\/\/www.laprovence.com\/article\/faits-divers-justice\/13657487297504\/alerte-a-la-pollution-de-l-air-a-marseille-interdiction-de-circulation-et-controles-de-police-tout-le-week-end\" target=\"_blank\" rel=\"nofollow noopener\"> les autres en sont bannis sous peine d&rsquo;amende de 135 \u20ac<\/a>.\u00a0<\/p>\n<p>La Ville a \u00e9galement adapt\u00e9 les r\u00e8gles de son stationnement payant en surface d\u00e8s la bascule sur le niveau 1 d&rsquo;alerte : les r\u00e9sidants sans abonnement peuvent se garer gratuitement, afin de les inciter \u00e0 ne pas se d\u00e9placer, tandis que le tarif horaire des horodateurs est doubl\u00e9 pour les autres automobilistes, et ce jusqu&rsquo;\u00e0 la lev\u00e9e de l&rsquo;alerte. La mention \u00ab\u00a0Alerte ozone\u00a0\u00bb pr\u00e9vient les automobilistes sur les \u00e9crans des parcm\u00e8tres.\u00a0<\/p>\n","protected":false},"excerpt":{"rendered":"La pr\u00e9fecture a d\u00e9cid\u00e9 d&rsquo;activer la proc\u00e9dure d&rsquo;alerte de niveau 2 compte tenu de l&rsquo;\u00e9pisode de pollution \u00e0&hellip;\n","protected":false},"author":2,"featured_media":218513,"comment_status":"","ping_status":"","sticky":false,"template":"","format":"standard","meta":{"footnotes":""},"categories":[2814],"tags":[17,1111,11,154,35781,1777,674,2823,1011,27,884,18236,12,26773,1800,882,16,25],"class_list":{"0":"post-218512","1":"post","2":"type-post","3":"status-publish","4":"format-standard","5":"has-post-thumbnail","7":"category-marseille","8":"tag-17","9":"tag-actu","10":"tag-actualites","11":"tag-des","12":"tag-drastiques","13":"tag-eu","14":"tag-europe","15":"tag-face","16":"tag-fr","17":"tag-france","18":"tag-marseille","19":"tag-mesures","20":"tag-news","21":"tag-pic","22":"tag-pollution","23":"tag-provence-alpes-cote-dazur","24":"tag-region","25":"tag-republique-francaise"},"share_on_mastodon":{"url":"https:\/\/pubeurope.com\/@fr\/114778807156901010","error":""},"_links":{"self":[{"href":"https:\/\/www.europesays.com\/fr\/wp-json\/wp\/v2\/posts\/218512","targetHints":{"allow":["GET"]}}],"collection":[{"href":"https:\/\/www.europesays.com\/fr\/wp-json\/wp\/v2\/posts"}],"about":[{"href":"https:\/\/www.europesays.com\/fr\/wp-json\/wp\/v2\/types\/post"}],"author":[{"embeddable":true,"href":"https:\/\/www.europesays.com\/fr\/wp-json\/wp\/v2\/users\/2"}],"replies":[{"embeddable":true,"href":"https:\/\/www.europesays.com\/fr\/wp-json\/wp\/v2\/comments?post=218512"}],"version-history":[{"count":0,"href":"https:\/\/www.europesays.com\/fr\/wp-json\/wp\/v2\/posts\/218512\/revisions"}],"wp:featuredmedia":[{"embeddable":true,"href":"https:\/\/www.europesays.com\/fr\/wp-json\/wp\/v2\/media\/218513"}],"wp:attachment":[{"href":"https:\/\/www.europesays.com\/fr\/wp-json\/wp\/v2\/media?parent=218512"}],"wp:term":[{"taxonomy":"category","embeddable":true,"href":"https:\/\/www.europesays.com\/fr\/wp-json\/wp\/v2\/categories?post=218512"},{"taxonomy":"post_tag","embeddable":true,"href":"https:\/\/www.europesays.com\/fr\/wp-json\/wp\/v2\/tags?post=218512"}],"curies":[{"name":"wp","href":"https:\/\/api.w.org\/{rel}","templated":true}]}}