{"id":218530,"date":"2025-07-01T16:08:10","date_gmt":"2025-07-01T16:08:10","guid":{"rendered":"https:\/\/www.europesays.com\/fr\/218530\/"},"modified":"2025-07-01T16:08:10","modified_gmt":"2025-07-01T16:08:10","slug":"la-crise-saggrave-entre-la-russie-et-lazerbaidjan","status":"publish","type":"post","link":"https:\/\/www.europesays.com\/fr\/218530\/","title":{"rendered":"la crise s\u2019aggrave entre la Russie et l\u2019Azerba\u00efdjan"},"content":{"rendered":"\n<p>\u201cCette histoire risque de devenir une nouvelle \u00e9preuve que les relations russo-azerba\u00efdjanaises pourraient ne pas surmonter\u201d, <a href=\"https:\/\/youtu.be\/Bj4WYZ8kMWE?si=f-7HQqEjrT3WF_Xa\" target=\"_blank\" rel=\"noopener\">pr\u00e9vient la cha\u00eene ind\u00e9pendante russe <strong>Dojd<\/strong><\/a><strong>. <\/strong>Depuis <a href=\"https:\/\/www.courrierinternational.com\/article\/aviation-crash-au-kazakhstan-face-a-la-piste-du-missile-russe-moscou-appelle-a-la-prudence_226007\" target=\"_blank\" rel=\"noopener\">le crash d\u2019un avion Azerbaijan Airlines<\/a> \u00e0 destination de la Russie, tr\u00e8s probablement abattu par la d\u00e9fense antia\u00e9rienne russe le 25\u00a0d\u00e9cembre dernier, causant la mort de 38\u00a0passagers dont la plupart azerba\u00efdjanais, <a href=\"https:\/\/www.courrierinternational.com\/article\/geopolitique-le-crash-au-kazakhstan-rebat-les-cartes-entre-moscou-et-bakou_226119\" target=\"_blank\" rel=\"noopener\">les tensions n\u2019ont cess\u00e9 de cro\u00eetre entre Moscou et Bakou<\/a>. Les <a href=\"https:\/\/www.courrierinternational.com\/article\/geopolitique-crash-au-kazakhstan-poutine-presente-ses-excuses-sans-assumer-sa-responsabilite_226039\" target=\"_blank\" rel=\"noopener\">explications tardives du Kremlin<\/a> et l\u2019absence d\u2019enqu\u00eate transparente ont cristallis\u00e9 un ressentiment longtemps contenu.<\/p>\n<p>La goutte d\u2019eau\u00a0a peut-\u00eatre \u00e9t\u00e9 l\u2019op\u00e9ration polici\u00e8re russe \u00e0 Ekaterinbourg du 27\u00a0juin dernier, qui a abouti \u00e0 l\u2019interpellation d\u2019une cinquantaine de ressortissants azerba\u00efdjanais, suspect\u00e9s d\u2019implication dans une s\u00e9rie d\u2019assassinats remontant \u00e0 2001. Lors de l\u2019intervention, deux citoyens russes d\u2019origine azerba\u00efdjanaise, les fr\u00e8res Safarov, ont \u00e9t\u00e9 tu\u00e9s dans des circonstances que Bakou qualifie de \u201ctortures ayant conduit \u00e0 une mort violente\u201d.<\/p>\n<p>Selon les r\u00e9sultats d\u2019autopsie rendus publics par les autorit\u00e9s azerba\u00efdjanaises et <a class=\"ithalc\" data-ithal=\"lien_externe\" data-ithalc=\"[nav_article]\" target=\"_blank\" href=\"https:\/\/1news.az\/news\/20250701121506385-Gematomy-rany-ssadiny-Sudmedekspertiza-nazvala-prichiny-smerti-bratev-Safarovykh\" rel=\"noopener\">relay\u00e9s par le m\u00e9dia en ligne azerba\u00efdjanais <strong>1news.az<\/strong><\/a><strong>,<\/strong> les corps portaient de multiples h\u00e9matomes, fractures, blessures \u00e0 la t\u00eate, au torse, aux jambes. Des r\u00e9sultats qui contredisent ouvertem<\/p>\n","protected":false},"excerpt":{"rendered":"\u201cCette histoire risque de devenir une nouvelle \u00e9preuve que les relations russo-azerba\u00efdjanaises pourraient ne pas surmonter\u201d, pr\u00e9vient la&hellip;\n","protected":false},"author":2,"featured_media":218531,"comment_status":"","ping_status":"","sticky":false,"template":"","format":"standard","meta":{"footnotes":""},"categories":[1591],"tags":[11,35782,674,1887,1892,12,1885,1886,132],"class_list":{"0":"post-218530","1":"post","2":"type-post","3":"status-publish","4":"format-standard","5":"has-post-thumbnail","7":"category-russie","8":"tag-actualites","9":"tag-azerbau00efdjan","10":"tag-europe","11":"tag-federation-de-russie","12":"tag-gu00e9opolitique","13":"tag-news","14":"tag-russia","15":"tag-russian-federation","16":"tag-russie"},"share_on_mastodon":{"url":"https:\/\/pubeurope.com\/@fr\/114778846398130162","error":""},"_links":{"self":[{"href":"https:\/\/www.europesays.com\/fr\/wp-json\/wp\/v2\/posts\/218530","targetHints":{"allow":["GET"]}}],"collection":[{"href":"https:\/\/www.europesays.com\/fr\/wp-json\/wp\/v2\/posts"}],"about":[{"href":"https:\/\/www.europesays.com\/fr\/wp-json\/wp\/v2\/types\/post"}],"author":[{"embeddable":true,"href":"https:\/\/www.europesays.com\/fr\/wp-json\/wp\/v2\/users\/2"}],"replies":[{"embeddable":true,"href":"https:\/\/www.europesays.com\/fr\/wp-json\/wp\/v2\/comments?post=218530"}],"version-history":[{"count":0,"href":"https:\/\/www.europesays.com\/fr\/wp-json\/wp\/v2\/posts\/218530\/revisions"}],"wp:featuredmedia":[{"embeddable":true,"href":"https:\/\/www.europesays.com\/fr\/wp-json\/wp\/v2\/media\/218531"}],"wp:attachment":[{"href":"https:\/\/www.europesays.com\/fr\/wp-json\/wp\/v2\/media?parent=218530"}],"wp:term":[{"taxonomy":"category","embeddable":true,"href":"https:\/\/www.europesays.com\/fr\/wp-json\/wp\/v2\/categories?post=218530"},{"taxonomy":"post_tag","embeddable":true,"href":"https:\/\/www.europesays.com\/fr\/wp-json\/wp\/v2\/tags?post=218530"}],"curies":[{"name":"wp","href":"https:\/\/api.w.org\/{rel}","templated":true}]}}