{"id":218551,"date":"2025-07-01T16:20:10","date_gmt":"2025-07-01T16:20:10","guid":{"rendered":"https:\/\/www.europesays.com\/fr\/218551\/"},"modified":"2025-07-01T16:20:10","modified_gmt":"2025-07-01T16:20:10","slug":"transferts-promu-en-top-14-montauban-sur-le-point-de-soffrir-un-ancien-all-black","status":"publish","type":"post","link":"https:\/\/www.europesays.com\/fr\/218551\/","title":{"rendered":"Transferts. Promu en Top 14, Montauban sur le point de s&rsquo;offrir un ancien All Black"},"content":{"rendered":"<p>            Par<br \/>\n        <strong><br \/>\n            <a href=\"https:\/\/actu.fr\/auteur\/redaction-rugby\" title=\"Consulter tous les articles de R\u00e9daction Rugby\" target=\"_blank\" rel=\"noopener\">R\u00e9daction Rugby<\/a><br \/>\n        <\/strong><\/p>\n<p>        Publi\u00e9 le<\/p>\n<p>            1 juil. 2025 \u00e0 12h27        <\/p>\n<p><a href=\"https:\/\/actu.fr\/sports\/rugby\/pro-d2\/finale-pro-d2-vici-intenable-bosviel-patron-escande-dans-le-dur-les-notes-de-grenoble-montauban_62744607.html\" target=\"_blank\" rel=\"noopener\">Promu en Top 14<\/a> apr\u00e8s une saison exceptionnelle alors qu\u2019il \u00e9tait \u00e0 un match de la Nationale lors du dernier exercice, <a href=\"https:\/\/actu.fr\/rugby\/equipe\/montauban_64dbdff67b8c09c4fec7b138\/\" target=\"_blank\" rel=\"noopener\">Montauban<\/a> avait d\u2019ores et d\u00e9j\u00e0 pr\u00e9vu de ne pas effectuer un <a href=\"https:\/\/actu.fr\/tag\/transferts-rugby\" target=\"_blank\" rel=\"noopener\">recrutement XXL<\/a>.\u00a0Selon les informations d\u2019Actu Rugby, le club tarn-et-garonnais est en passe de recruter un <strong>ancien 3e ligne des All Blacks<\/strong>. Un profil physique, exp\u00e9riment\u00e9, et habitu\u00e9 aux joutes de haut niveau qui s\u2019accompagnerait d\u2019un autre joueur au poste, l\u2019Am\u00e9ricain Nafi Ma\u2019afu.<\/p>\n<p>Transferts : Vaea Fifita (Scarlets) et Nafi Ma\u2019afu vers Montauban<\/p>\n<p class=\" wall-content\">Un ex All Black \u00e0 Montauban tout juste promu en Top 14, quel joli coup ce serait ! Selon les informations d\u2019Actu Rugby, Vaea Fifita devrait s\u2019engager avec Montauban pour la saison \u00e0 venir.<\/p>\n<p class=\" wall-content\">\u00c2g\u00e9 de 33 ans, cet international tongien pass\u00e9 par les Hurricanes, les Wasps puis Llanelli a \u00e9galement port\u00e9 le maillot des All Blacks \u00e0 11 reprises entre 2017 et 2019. Son arriv\u00e9e constituerait un renfort XXL pour l\u2019USM, tant par son exp\u00e9rience que par son profil athl\u00e9tique hors norme.<\/p>\n<p class=\" wall-content\">\n<p class=\" wall-content\">Un autre joueur va \u00e9galement poser ses valises \u00e0 Montauban. Il s\u2019agit du troisi\u00e8me ligne ou deuxi\u00e8me ligne am\u00e9ricain Nafi Ma\u2019afu. \u00c0 Biarritz depuis 2022, il a disput\u00e9 13 matchs cette saison (8 titularisations). Il \u00e9voluait auparavant \u00e0 Perpignan et a lui aussi la polyvalence troisi\u00e8me\/deuxi\u00e8me ligne.<\/p>\n<p>International avec les All Blacks et les Tonga<\/p>\n<p class=\" wall-content\">Form\u00e9 en Nouvelle-Z\u00e9lande, pass\u00e9 par le Super Rugby, Vaea Fifita (33 ans ; 11 s\u00e9lections) a connu le maillot noir d\u2019un des plus grands pays du rugby avant d\u2019opter pour sa s\u00e9lection d\u2019origine, avec laquelle il a disput\u00e9 la Coupe du monde 2023.<\/p>\n<p class=\" wall-content\">Ces deux derni\u00e8res saisons, il \u00e9voluait chez les Scarlets, au pays de Galles, o\u00f9 son impact n\u2019a cess\u00e9 d\u2019impressionner. Capable de jouer \u00e0 tous les postes de la troisi\u00e8me ligne, il coche toutes les cases du joueur de devoir doubl\u00e9 d\u2019un vrai facteur X.\u00a0<\/p>\n<p class=\" wall-content\"><strong>Tanguy Scigala<\/strong><\/p>\n<p class=\" wall-content\">Suivez toute l\u2019actualit\u00e9 de vos villes et m\u00e9dias favoris en vous inscrivant \u00e0 <a href=\"https:\/\/moncompte.actu.fr\" title=\"D\u00e9couvez Mon Actu\" rel=\"nofollow noopener\" data-trk=\"{&quot;cta&quot;:{&quot;action&quot;:&quot;https:\\\/\\\/moncompte.actu.fr&quot;,&quot;category&quot;:&quot;mon compte&quot;,&quot;from&quot;:&quot;article footer&quot;,&quot;name&quot;:&quot;Mon actu&quot;,&quot;type&quot;:&quot;cta&quot;}}\" target=\"_blank\">Mon Actu<\/a>.<\/p>\n<ul class=\"ac-article-tag wall-content\">\n<li><a href=\"https:\/\/actu.fr\/tag\/all-blacks\" data-trk=\"{&quot;cta&quot;:{&quot;action&quot;:&quot;All Blacks&quot;,&quot;category&quot;:&quot;tag&quot;,&quot;from&quot;:&quot;article footer&quot;,&quot;name&quot;:&quot;All Blacks&quot;,&quot;type&quot;:&quot;cta&quot;}}\" target=\"_blank\" rel=\"noopener\">#All Blacks<\/a><\/li>\n<li><a href=\"https:\/\/actu.fr\/tag\/transferts-rugby\" data-trk=\"{&quot;cta&quot;:{&quot;action&quot;:&quot;Transferts rugby&quot;,&quot;category&quot;:&quot;tag&quot;,&quot;from&quot;:&quot;article footer&quot;,&quot;name&quot;:&quot;Transferts rugby&quot;,&quot;type&quot;:&quot;cta&quot;}}\" target=\"_blank\" rel=\"noopener\">#Transferts rugby<\/a><\/li>\n<\/ul>\n","protected":false},"excerpt":{"rendered":"Par R\u00e9daction Rugby Publi\u00e9 le 1 juil. 2025 \u00e0 12h27 Promu en Top 14 apr\u00e8s une saison exceptionnelle&hellip;\n","protected":false},"author":2,"featured_media":218552,"comment_status":"","ping_status":"","sticky":false,"template":"","format":"standard","meta":{"footnotes":""},"categories":[1416],"tags":[2305,1011,27,479,1468,60,478,477],"class_list":{"0":"post-218551","1":"post","2":"type-post","3":"status-publish","4":"format-standard","5":"has-post-thumbnail","7":"category-rugby","8":"tag-all-blacks","9":"tag-fr","10":"tag-france","11":"tag-rugby","12":"tag-rugby-football","13":"tag-sports","14":"tag-top-14","15":"tag-transferts-rugby"},"share_on_mastodon":{"url":"https:\/\/pubeurope.com\/@fr\/114778893400827520","error":""},"_links":{"self":[{"href":"https:\/\/www.europesays.com\/fr\/wp-json\/wp\/v2\/posts\/218551","targetHints":{"allow":["GET"]}}],"collection":[{"href":"https:\/\/www.europesays.com\/fr\/wp-json\/wp\/v2\/posts"}],"about":[{"href":"https:\/\/www.europesays.com\/fr\/wp-json\/wp\/v2\/types\/post"}],"author":[{"embeddable":true,"href":"https:\/\/www.europesays.com\/fr\/wp-json\/wp\/v2\/users\/2"}],"replies":[{"embeddable":true,"href":"https:\/\/www.europesays.com\/fr\/wp-json\/wp\/v2\/comments?post=218551"}],"version-history":[{"count":0,"href":"https:\/\/www.europesays.com\/fr\/wp-json\/wp\/v2\/posts\/218551\/revisions"}],"wp:featuredmedia":[{"embeddable":true,"href":"https:\/\/www.europesays.com\/fr\/wp-json\/wp\/v2\/media\/218552"}],"wp:attachment":[{"href":"https:\/\/www.europesays.com\/fr\/wp-json\/wp\/v2\/media?parent=218551"}],"wp:term":[{"taxonomy":"category","embeddable":true,"href":"https:\/\/www.europesays.com\/fr\/wp-json\/wp\/v2\/categories?post=218551"},{"taxonomy":"post_tag","embeddable":true,"href":"https:\/\/www.europesays.com\/fr\/wp-json\/wp\/v2\/tags?post=218551"}],"curies":[{"name":"wp","href":"https:\/\/api.w.org\/{rel}","templated":true}]}}