{"id":218575,"date":"2025-07-01T16:33:09","date_gmt":"2025-07-01T16:33:09","guid":{"rendered":"https:\/\/www.europesays.com\/fr\/218575\/"},"modified":"2025-07-01T16:33:09","modified_gmt":"2025-07-01T16:33:09","slug":"chikungunya-un-premier-cas-de-transmission-de-la-maladie-en-alsace","status":"publish","type":"post","link":"https:\/\/www.europesays.com\/fr\/218575\/","title":{"rendered":"Chikungunya\u00a0: un premier cas de transmission de la maladie en Alsace"},"content":{"rendered":"<p>C&rsquo;est le premier cas autochtone de l&rsquo;ann\u00e9e 2025 dans le Grand Est. Une personne r\u00e9sidant \u00e0 Lipsheim est atteinte de chikungunya. Elle n&rsquo;a pas voyag\u00e9 dans les zones contamin\u00e9es. Elle a donc \u00e9t\u00e9 contamin\u00e9e en Alsace. Des op\u00e9rations de d\u00e9moustications sont pr\u00e9vues.<\/p>\n<p><strong>Un premier cas autochtone de chikungunya a \u00e9t\u00e9 d\u00e9tect\u00e9 pr\u00e8s de Strasbourg fin juin 2025.<\/strong> La personne habite \u00e0 Lipsheim et travaille \u00e0 Fegersheim. Le chikungunya est une maladie infectieuse tropicale transmise par les moustiques tigres. Elle se traduit par une pouss\u00e9e de fi\u00e8vre et des douleurs articulaires. Quand on parle d&rsquo;un\u00a0cas autochtone, \u00e7a veut dire que le malade a \u00e9t\u00e9 contamin\u00e9 en France m\u00e9tropolitaine, et pas lors d&rsquo;un voyage dans les zones tropicales.<\/p>\n<p>Des op\u00e9rations de d\u00e9moustication<\/p>\n<p>Pour lutter contre la transmission de la maladie, une <strong>op\u00e9ration de d\u00e9moustication<\/strong> est planifi\u00e9e dans la nuit du 1er au 2 juillet, entre 2h et 4h \u00e0 Lipsheim. Une deuxi\u00e8me op\u00e9ration doit \u00eatre men\u00e9e une semaine plus tard. Pour d\u00e9tecter d&rsquo;autres cas \u00e9ventuels, un porte-\u00e0-porte est pr\u00e9vu.<\/p>\n<p><strong>Ce cas est le premier cas autochtone d\u00e9tect\u00e9 dans le Grand Est<\/strong>. C&rsquo;est\u00a0<a class=\"IciLink ici-link IciArticleLink g-ici-body-regular-1 underline brand svelte-lu7k6w\" href=\"https:\/\/www.francebleu.fr\/infos\/sante-sciences\/chikungunya-huit-cas-autochtones-recenses-dans-le-sud-est-6636600\" rel=\"nofollow noopener\" target=\"_blank\">le neuvi\u00e8me de l&rsquo;ann\u00e9e en France<\/a>. Mais on recense d\u00e9j\u00e0 plusieurs centaines de cas import\u00e9s cette ann\u00e9e en France m\u00e9tropolitaine. Le virus se transmet ensuite sur place par les piqures de moustique tigre. Dans le Bas-Rhin, 63% de la population est expos\u00e9e au moustique tigre. Une centaine de communes sont colonis\u00e9es.<\/p>\n<p>Sur l&rsquo;\u00eele de la R\u00e9union, les autorit\u00e9s sanitaires estiment que 200.000 personnes ont \u00e9t\u00e9 touch\u00e9es pour une vingtaine de d\u00e9c\u00e8s entre juin et mars 2025.<\/p>\n<p>Adoptez les bon gestes\u00a0:<\/p>\n<ul>\n<li>Appliquez un r\u00e9pulsif cutan\u00e9, particuli\u00e8rement le matin et en fin de journ\u00e9e<\/li>\n<li>Installez des moustiquaires pour les nouveau-n\u00e9s ou les personnes alit\u00e9es<\/li>\n<li>Portez des v\u00eatements couvrants et amples<\/li>\n<li>Utilisez un ventilateur pour \u00e9loigner les moustiques<\/li>\n<li>Consultez imm\u00e9diatement son m\u00e9decin traitant en pr\u00e9sence de sympt\u00f4mes \u00e9vocateurs<\/li>\n<li>Supprimez les eaux stagnantes dans lesquelles les moustiques se d\u00e9veloppent\u00a0: videz les coupelles des plantes et tout ce qui retient de petites quantit\u00e9s d\u2019eau (mobiliers de jardin, b\u00e2ches\u2026), rangez \u00e0 l\u2019abri de la pluie tout ce qui peut contenir de l\u2019eau (jouets des enfants, seaux, arrosoirs), fermez herm\u00e9tiquement ou recouvrez d\u2019une moustiquaire les r\u00e9serves d&rsquo;eau.<\/li>\n<\/ul>\n<p>\u00c0 \u00e9couter aussi   <img decoding=\"async\" src=\"https:\/\/www.europesays.com\/fr\/wp-content\/uploads\/2025\/07\/560x315_sc_scds-moustiques-laetitia-delsemme-screen.jpg\" alt=\"Laetitia Delsemme,\u00a0responsable du syndicat de lutte contre les moustiques du Bas-Rhin\" style=\"--_image-preview:url('data:image\/jpeg;base64,\/9j\/2wBDACgcHiMeGSgjISMtKygwPGRBPDc3PHtYXUlkkYCZlo+AjIqgtObDoKrarYqMyP\/L2u71\/\/\/\/m8H\/\/\/\/6\/+b9\/\/j\/2wBDASstLTw1PHZBQXb4pYyl+Pj4+Pj4+Pj4+Pj4+Pj4+Pj4+Pj4+Pj4+Pj4+Pj4+Pj4+Pj4+Pj4+Pj4+Pj4+Pj4+Pj\/wAARCAAXACoDASIAAhEBAxEB\/8QAGAAAAwEBAAAAAAAAAAAAAAAAAAECAwT\/xAAXEAEBAQEAAAAAAAAAAAAAAAAAARES\/8QAFgEBAQEAAAAAAAAAAAAAAAAAAgED\/8QAFhEBAQEAAAAAAAAAAAAAAAAAAAER\/9oADAMBAAIRAxEAPwDXS1Ol02tZyL09Z6co6WLBQ1Rz9DQBqwSrlAQlxQBi\/9k=');\" loading=\"lazy\" fetchpriority=\"low\" aria-hidden=\"true\" class=\"svelte-1pnmlwx rounded\" onload=\"this.__e=event\" onerror=\"this.__e=event\"\/><\/p>\n","protected":false},"excerpt":{"rendered":"C&rsquo;est le premier cas autochtone de l&rsquo;ann\u00e9e 2025 dans le Grand Est. Une personne r\u00e9sidant \u00e0 Lipsheim est&hellip;\n","protected":false},"author":2,"featured_media":218576,"comment_status":"","ping_status":"","sticky":false,"template":"","format":"standard","meta":{"footnotes":""},"categories":[10],"tags":[1011,27,72,71],"class_list":{"0":"post-218575","1":"post","2":"type-post","3":"status-publish","4":"format-standard","5":"has-post-thumbnail","7":"category-sante","8":"tag-fr","9":"tag-france","10":"tag-health","11":"tag-sante"},"share_on_mastodon":{"url":"https:\/\/pubeurope.com\/@fr\/114778944594573136","error":""},"_links":{"self":[{"href":"https:\/\/www.europesays.com\/fr\/wp-json\/wp\/v2\/posts\/218575","targetHints":{"allow":["GET"]}}],"collection":[{"href":"https:\/\/www.europesays.com\/fr\/wp-json\/wp\/v2\/posts"}],"about":[{"href":"https:\/\/www.europesays.com\/fr\/wp-json\/wp\/v2\/types\/post"}],"author":[{"embeddable":true,"href":"https:\/\/www.europesays.com\/fr\/wp-json\/wp\/v2\/users\/2"}],"replies":[{"embeddable":true,"href":"https:\/\/www.europesays.com\/fr\/wp-json\/wp\/v2\/comments?post=218575"}],"version-history":[{"count":0,"href":"https:\/\/www.europesays.com\/fr\/wp-json\/wp\/v2\/posts\/218575\/revisions"}],"wp:featuredmedia":[{"embeddable":true,"href":"https:\/\/www.europesays.com\/fr\/wp-json\/wp\/v2\/media\/218576"}],"wp:attachment":[{"href":"https:\/\/www.europesays.com\/fr\/wp-json\/wp\/v2\/media?parent=218575"}],"wp:term":[{"taxonomy":"category","embeddable":true,"href":"https:\/\/www.europesays.com\/fr\/wp-json\/wp\/v2\/categories?post=218575"},{"taxonomy":"post_tag","embeddable":true,"href":"https:\/\/www.europesays.com\/fr\/wp-json\/wp\/v2\/tags?post=218575"}],"curies":[{"name":"wp","href":"https:\/\/api.w.org\/{rel}","templated":true}]}}