{"id":218582,"date":"2025-07-01T16:37:09","date_gmt":"2025-07-01T16:37:09","guid":{"rendered":"https:\/\/www.europesays.com\/fr\/218582\/"},"modified":"2025-07-01T16:37:09","modified_gmt":"2025-07-01T16:37:09","slug":"pourquoi-lassurance-vie-seduit-a-nouveau-les-francais","status":"publish","type":"post","link":"https:\/\/www.europesays.com\/fr\/218582\/","title":{"rendered":"Pourquoi l\u2019assurance vie s\u00e9duit \u00e0 nouveau les Fran\u00e7ais"},"content":{"rendered":"<p>L&rsquo;\u00e9pargne des Fran\u00e7ais conna\u00eet une transformation notable, marqu\u00e9e par un changement dans les pr\u00e9f\u00e9rences d&rsquo;investissement. <strong>L&rsquo;assurance vie s&rsquo;impose d\u00e9sormais comme le choix privil\u00e9gi\u00e9, surpassant d&rsquo;autres options<\/strong> traditionnelles telles que le Livret A et les SCPI. Cette \u00e9volution refl\u00e8te une qu\u00eate de s\u00e9curit\u00e9 et de rendement dans un environnement \u00e9conomique incertain.<\/p>\n<p>Les \u00e9pargnants semblent red\u00e9finir leurs priorit\u00e9s, influenc\u00e9s par des facteurs \u00e9conomiques et fiscaux en constante mutation. <strong>Ce ph\u00e9nom\u00e8ne soul\u00e8ve des questions sur l&rsquo;avenir des placements financiers classiques<\/strong> et invite \u00e0 explorer les raisons derri\u00e8re cette r\u00e9orientation vers l&rsquo;assurance vie, devenue la nouvelle reine de l&rsquo;\u00e9pargne.<\/p>\n<p>Assurance vie : Le placement pr\u00e9f\u00e9r\u00e9 des Fran\u00e7ais<\/p>\n<p>L&rsquo;assurance vie s&rsquo;impose comme le placement favori des Fran\u00e7ais, selon une r\u00e9cente \u00e9tude du Cercle de l&rsquo;Epargne. <strong>Avec 58% d&rsquo;opinions favorables, elle devance nettement le Livret A et l&rsquo;investissement locatif.<\/strong> La r\u00e9mun\u00e9ration moyenne des fonds en euros, pr\u00e9vue \u00e0 2,6% pour 2024, joue un r\u00f4le cl\u00e9 dans cette popularit\u00e9 croissante.<\/p>\n<p>En comparaison<strong>, le Livret A a vu son taux chuter \u00e0 2,4%,<\/strong> ce qui a contribu\u00e9 \u00e0 sa d\u00e9gringolade \u00e0 la troisi\u00e8me place. <strong>L&rsquo;immobilier locatif se hisse quant \u00e0 lui en deuxi\u00e8me position avec 56% d&rsquo;avis positifs.<\/strong> Ces chiffres illustrent un changement notable dans les pr\u00e9f\u00e9rences d&rsquo;\u00e9pargne des Fran\u00e7ais.<\/p>\n<p>Le Livret A : Un attrait persistant chez les jeunes<\/p>\n<p>Malgr\u00e9 sa baisse de popularit\u00e9 g\u00e9n\u00e9rale, le Livret A conserve une place privil\u00e9gi\u00e9e aupr\u00e8s des jeunes adultes. <strong>Selon l&rsquo;\u00e9tude du CECOP pour Le Cercle de l&rsquo;Epargne, 59% des 18-24 ans consid\u00e8rent ce<\/strong> <a href=\"https:\/\/www.enquete-debat.fr\/economie-finance\/ce-placement-oublie-repute-sans-risque-attire-de-nouveau-les-francais-en-quete-de-securite\/\" target=\"_blank\" rel=\"noopener\">placement<\/a> <strong>comme int\u00e9ressant<\/strong>, surpassant ainsi l&rsquo;int\u00e9r\u00eat manifest\u00e9 par les plus de 65 ans (53%).<\/p>\n<p><strong>Ce contraste s&rsquo;explique en partie par la s\u00e9curit\u00e9 et la simplicit\u00e9 d&rsquo;acc\u00e8s qu&rsquo;offre le Livret A,<\/strong> des caract\u00e9ristiques particuli\u00e8rement pris\u00e9es par cette tranche d&rsquo;\u00e2ge. <strong>Bien que son taux ait chut\u00e9 \u00e0 2,4%, il reste sup\u00e9rieur \u00e0 l&rsquo;inflation actuelle,<\/strong> renfor\u00e7ant son attrait malgr\u00e9 un contexte \u00e9conomique incertain. Cette r\u00e9silience souligne l&rsquo;importance du <a href=\"https:\/\/www.enquete-debat.fr\/economie-finance\/livret-a-une-nouvelle-baisse-confirmee-au-1er-aout-faut-il-retirer-votre-argent\/\" target=\"_blank\" rel=\"noopener\">Livret A<\/a> dans les strat\u00e9gies d&rsquo;\u00e9pargne des jeunes Fran\u00e7ais.<\/p>\n<p>Autres placements financiers : Tendances et perspectives<\/p>\n<p>L&rsquo;\u00e9tude du Cercle de l&rsquo;Epargne r\u00e9v\u00e8le des dynamiques vari\u00e9es parmi les autres placements financiers.<strong> L&rsquo;immobilier locatif, avec 56% d&rsquo;avis favorables, se positionne en deuxi\u00e8me place,<\/strong> t\u00e9moignant de sa r\u00e9silience face aux fluctuations \u00e9conomiques. En revanche, le Plan \u00c9pargne Retraite<strong> (PER) conna\u00eet une baisse d&rsquo;int\u00e9r\u00eat, passant \u00e0 48% contre 57% l&rsquo;ann\u00e9e pr\u00e9c\u00e9dente.<\/strong><\/p>\n<p><strong>Les actions stagnent \u00e0 41%, tandis que les SCPI subissent un l\u00e9ger recul<\/strong> d\u00fb aux incertitudes sectorielles. <strong>Les SICAV perdent du terrain au profit des ETF,<\/strong> plus comp\u00e9titifs en termes de frais. Enfin,<strong> les crypto-monnaies comme le bitcoin restent stables avec 21% d&rsquo;opinions positives,<\/strong> sans progression notable cette ann\u00e9e. Ces tendances pourraient influencer la popularit\u00e9 future de ces produits.<\/p>\n","protected":false},"excerpt":{"rendered":"L&rsquo;\u00e9pargne des Fran\u00e7ais conna\u00eet une transformation notable, marqu\u00e9e par un changement dans les pr\u00e9f\u00e9rences d&rsquo;investissement. L&rsquo;assurance vie s&rsquo;impose&hellip;\n","protected":false},"author":2,"featured_media":218583,"comment_status":"","ping_status":"","sticky":false,"template":"","format":"standard","meta":{"footnotes":""},"categories":[6],"tags":[11660,35,33,34,589,1011,27,365,31281],"class_list":{"0":"post-218582","1":"post","2":"type-post","3":"status-publish","4":"format-standard","5":"has-post-thumbnail","7":"category-economie","8":"tag-assurance-vie","9":"tag-business","10":"tag-economie","11":"tag-economy","12":"tag-epargne","13":"tag-fr","14":"tag-france","15":"tag-livret-a","16":"tag-scpi"},"share_on_mastodon":{"url":"https:\/\/pubeurope.com\/@fr\/114778960429124803","error":""},"_links":{"self":[{"href":"https:\/\/www.europesays.com\/fr\/wp-json\/wp\/v2\/posts\/218582","targetHints":{"allow":["GET"]}}],"collection":[{"href":"https:\/\/www.europesays.com\/fr\/wp-json\/wp\/v2\/posts"}],"about":[{"href":"https:\/\/www.europesays.com\/fr\/wp-json\/wp\/v2\/types\/post"}],"author":[{"embeddable":true,"href":"https:\/\/www.europesays.com\/fr\/wp-json\/wp\/v2\/users\/2"}],"replies":[{"embeddable":true,"href":"https:\/\/www.europesays.com\/fr\/wp-json\/wp\/v2\/comments?post=218582"}],"version-history":[{"count":0,"href":"https:\/\/www.europesays.com\/fr\/wp-json\/wp\/v2\/posts\/218582\/revisions"}],"wp:featuredmedia":[{"embeddable":true,"href":"https:\/\/www.europesays.com\/fr\/wp-json\/wp\/v2\/media\/218583"}],"wp:attachment":[{"href":"https:\/\/www.europesays.com\/fr\/wp-json\/wp\/v2\/media?parent=218582"}],"wp:term":[{"taxonomy":"category","embeddable":true,"href":"https:\/\/www.europesays.com\/fr\/wp-json\/wp\/v2\/categories?post=218582"},{"taxonomy":"post_tag","embeddable":true,"href":"https:\/\/www.europesays.com\/fr\/wp-json\/wp\/v2\/tags?post=218582"}],"curies":[{"name":"wp","href":"https:\/\/api.w.org\/{rel}","templated":true}]}}