{"id":218588,"date":"2025-07-01T16:40:09","date_gmt":"2025-07-01T16:40:09","guid":{"rendered":"https:\/\/www.europesays.com\/fr\/218588\/"},"modified":"2025-07-01T16:40:09","modified_gmt":"2025-07-01T16:40:09","slug":"la-prefete-du-rhone-annonce-des-restrictions","status":"publish","type":"post","link":"https:\/\/www.europesays.com\/fr\/218588\/","title":{"rendered":"la pr\u00e9f\u00e8te du Rh\u00f4ne annonce des restrictions"},"content":{"rendered":"<p>            Par<br \/>\n        <strong><br \/>\n            <a href=\"https:\/\/actu.fr\/auteur\/julien-damboise\" title=\"Consulter tous les articles de Julien Damboise\" target=\"_blank\" rel=\"noopener\">Julien Damboise<\/a><br \/>\n        <\/strong><\/p>\n<p>        Publi\u00e9 le<\/p>\n<p>            1 juil. 2025 \u00e0 15h37        <\/p>\n<p>Le <strong>mercure explose<\/strong>, ce mardi 1\u1d49\u02b3 juillet, \u00e0 <a href=\"https:\/\/actu.fr\/auvergne-rhone-alpes\/lyon_69123\" target=\"_blank\" rel=\"noopener\">Lyon<\/a> et dans le d\u00e9partement du Rh\u00f4ne. L\u2019atmosph\u00e8re est <a href=\"https:\/\/actu.fr\/auvergne-rhone-alpes\/lyon_69123\/canicule-a-lyon-une-chaleur-extreme-annoncee-dans-le-rhone-ce-mardi-ou-ca-va-le-plus-chauffer_62846779.html\" target=\"_blank\" rel=\"noopener\">particuli\u00e8rement \u00e9touffante<\/a> avec des<strong> temp\u00e9ratures qui fr\u00f4lent les 40\u00b0C<\/strong>, mais aussi \u00e0 cause d\u2019un \u00e9pisode de <strong>pollution de l\u2019air<\/strong>. La vigilance orage canicule est d\u00e9clench\u00e9e, des mesures sont mises en place par la <a href=\"https:\/\/actu.fr\/tag\/prefecture-du-rhone\" target=\"_blank\" rel=\"noopener\">pr\u00e9fecture du Rh\u00f4ne<\/a>.<\/p>\n<p>Une pollution \u00e0 l\u2019ozone<\/p>\n<p class=\" wall-content\">C\u2019est un \u00e9pisode de pollution \u00e0 l\u2019ozone qui est en cours dans le <strong>bassin lyonnais\/Nord-Is\u00e8re<\/strong>. Ce mardi matin, d\u00e9j\u00e0, ATMO Auvergne-Rh\u00f4ne-Alpes alertait sur un risque \u00ab\u00a0\u00e0 cause de la canicule en cours, coupl\u00e9 \u00e0 un fort ensoleillement ainsi que des masses d\u2019air stables\u00a0\u00bb.<\/p>\n<p class=\" wall-content\">Le seuil d\u2019information et de recommandation fix\u00e9 \u00e0 180\u00b5g\/m3 a donc \u00e9t\u00e9 franchi, l\u2019axe central de la r\u00e9gion est particuli\u00e8rement concern\u00e9. Une <strong>situation qui pourrait devenir pire<\/strong> encore.<\/p>\n<blockquote class=\"ac-article-quote wall-content\">\n<p>De plus, la r\u00e9gion est travers\u00e9e par un panache de poussi\u00e8res d\u00e9sertiques, ce qui pourrait conduire \u00e0 une d\u00e9gradation suppl\u00e9mentaire de la qualit\u00e9 de l&rsquo;air. Celle-ci sera mauvaise sur une grande partie de la r\u00e9gion.<\/p>\n<p>    <strong>ATMO Auvergne-Rh\u00f4ne-Alpes<\/strong>\n            <\/p><\/blockquote>\n<p class=\" wall-content\">\n<p class=\" wall-content\">\n<p class=\" wall-content\">La pr\u00e9f\u00e8te du Rh\u00f4ne, Fabienne Buccio, a d\u00e9cid\u00e9 de mettre en place des mesures contraignantes.<\/p>\n<p>Vid\u00e9os : en ce moment sur ActuDes mesures pour les particuliers<\/p>\n<p>Pour r\u00e9duire les \u00e9missions de polluants, les feux d\u2019artifice sont interdits jusqu&rsquo;\u00e0 nouvel ordre, tout comme le br\u00fblage des d\u00e9chets, l\u2019utilisation des barbecues \u00e0 combustible solide. <\/p>\n<p>Les travaux d\u2019entretien avec des produits \u00e0 base de solvants organiques (white-spirit, peinture, vernis) doivent \u00eatre report\u00e9s. L\u2019utilisation de groupes \u00e9lectrog\u00e8nes n\u2019est autoris\u00e9e que pour satisfaire l\u2019alimentation d\u2019int\u00e9r\u00eats essentiels, notamment de s\u00e9curit\u00e9.<\/p>\n<p class=\" wall-content\">\n<p>La circulation diff\u00e9renci\u00e9e d\u00e9cr\u00e9t\u00e9e<\/p>\n<p class=\" wall-content\">Un arr\u00eat\u00e9 instituant une liste de<strong> mesures d\u2019urgence<\/strong> a \u00e9t\u00e9 sign\u00e9, pour une application d\u00e8s ce mercredi 2 juillet 2025 minuit.<\/p>\n<p class=\" wall-content\">La <strong>circulation diff\u00e9renci\u00e9e<\/strong> est ainsi activ\u00e9e. La pr\u00e9fecture rappelle que seuls les v\u00e9hicules affichant une vignette Crit\u2019Ait de classe \u00ab z\u00e9ro \u00e9mission moteur \u00bb, de classe 1 ou de classe 2, sont autoris\u00e9s \u00e0 circuler au sein de la <a href=\"https:\/\/actu.fr\/tag\/zone-a-faibles-emissions-zfe\" target=\"_blank\" rel=\"noopener\">Zone \u00e0 Faibles \u00c9missions<\/a> (ZFE) de la M\u00e9tropole de Lyon.<\/p>\n<p class=\" wall-content\">Attention, la d\u00e9rogation \u00ab petits rouleurs \u00bb d\u00e9livr\u00e9e par la M\u00e9tropole de Lyon relative \u00e0 la ZFE est <strong>suspendue<\/strong> le temps de cet \u00e9pisode de pollution.<\/p>\n<p class=\" wall-content\">Bonne nouvelle n\u00e9anmoins, les voitures particuli\u00e8res transportant trois personnes au moins restent autoris\u00e9es \u00e0 circuler. M\u00eame chose pour les v\u00e9hicules d\u2019int\u00e9r\u00eat g\u00e9n\u00e9ral prioritaires, les convois exceptionnels, les voitures de tourisme avec chauffeur et taxis\u2026<\/p>\n<p>Vitesse abaiss\u00e9e<\/p>\n<p class=\" wall-content\">Parmi les autres mesures, on retrouve aussi un abaissement de la vitesse sur les axes des deux bassins concern\u00e9s par l\u2019alerte orange.<\/p>\n<p class=\" wall-content\">Une vitesse temporairement limit\u00e9e \u00e0 <strong>70 km\/h<\/strong> sur tous les axes routiers du d\u00e9partement \u00e0 80 ou 90km\/h, et une baisse de 20 km\/h sur les axes sur lesquels la vitesse limite autoris\u00e9e est sup\u00e9rieure \u00e0 90 km\/h.<\/p>\n<p class=\" wall-content\">Ces mesures concernant les vitesses entrent en vigueur <strong>d\u00e8s 5 h ce mercredi<\/strong> 2 juillet 2025.<\/p>\n<p class=\" wall-content\">Suivez toute l\u2019actualit\u00e9 de vos villes et m\u00e9dias favoris en vous inscrivant \u00e0 <a href=\"https:\/\/moncompte.actu.fr\" title=\"D\u00e9couvez Mon Actu\" rel=\"nofollow noopener\" data-trk=\"{&quot;cta&quot;:{&quot;action&quot;:&quot;https:\\\/\\\/moncompte.actu.fr&quot;,&quot;category&quot;:&quot;mon compte&quot;,&quot;from&quot;:&quot;article footer&quot;,&quot;name&quot;:&quot;Mon actu&quot;,&quot;type&quot;:&quot;cta&quot;}}\" target=\"_blank\">Mon Actu<\/a>.<\/p>\n","protected":false},"excerpt":{"rendered":"Par Julien Damboise Publi\u00e9 le 1 juil. 2025 \u00e0 15h37 Le mercure explose, ce mardi 1\u1d49\u02b3 juillet, \u00e0&hellip;\n","protected":false},"author":2,"featured_media":218589,"comment_status":"","ping_status":"","sticky":false,"template":"","format":"standard","meta":{"footnotes":""},"categories":[2],"tags":[11,646,6698,1011,27,12,52,1800],"class_list":{"0":"post-218588","1":"post","2":"type-post","3":"status-publish","4":"format-standard","5":"has-post-thumbnail","7":"category-actualites","8":"tag-actualites","9":"tag-automobile","10":"tag-canicule","11":"tag-fr","12":"tag-france","13":"tag-news","14":"tag-planete","15":"tag-pollution"},"share_on_mastodon":{"url":"https:\/\/pubeurope.com\/@fr\/114778972449720161","error":""},"_links":{"self":[{"href":"https:\/\/www.europesays.com\/fr\/wp-json\/wp\/v2\/posts\/218588","targetHints":{"allow":["GET"]}}],"collection":[{"href":"https:\/\/www.europesays.com\/fr\/wp-json\/wp\/v2\/posts"}],"about":[{"href":"https:\/\/www.europesays.com\/fr\/wp-json\/wp\/v2\/types\/post"}],"author":[{"embeddable":true,"href":"https:\/\/www.europesays.com\/fr\/wp-json\/wp\/v2\/users\/2"}],"replies":[{"embeddable":true,"href":"https:\/\/www.europesays.com\/fr\/wp-json\/wp\/v2\/comments?post=218588"}],"version-history":[{"count":0,"href":"https:\/\/www.europesays.com\/fr\/wp-json\/wp\/v2\/posts\/218588\/revisions"}],"wp:featuredmedia":[{"embeddable":true,"href":"https:\/\/www.europesays.com\/fr\/wp-json\/wp\/v2\/media\/218589"}],"wp:attachment":[{"href":"https:\/\/www.europesays.com\/fr\/wp-json\/wp\/v2\/media?parent=218588"}],"wp:term":[{"taxonomy":"category","embeddable":true,"href":"https:\/\/www.europesays.com\/fr\/wp-json\/wp\/v2\/categories?post=218588"},{"taxonomy":"post_tag","embeddable":true,"href":"https:\/\/www.europesays.com\/fr\/wp-json\/wp\/v2\/tags?post=218588"}],"curies":[{"name":"wp","href":"https:\/\/api.w.org\/{rel}","templated":true}]}}