{"id":218592,"date":"2025-07-01T16:42:11","date_gmt":"2025-07-01T16:42:11","guid":{"rendered":"https:\/\/www.europesays.com\/fr\/218592\/"},"modified":"2025-07-01T16:42:11","modified_gmt":"2025-07-01T16:42:11","slug":"le-thermometre-grimpe-et-la-tension-monte-a-la-piscine-raymond-sommet","status":"publish","type":"post","link":"https:\/\/www.europesays.com\/fr\/218592\/","title":{"rendered":"le thermom\u00e8tre grimpe et la tension monte \u00e0 la piscine Raymond-Sommet"},"content":{"rendered":"<p>Les temp\u00e9ratures montent et les esprits s\u2019\u00e9chauffent. Samedi dernier, le premier jour de la saison estivale, dans l\u2019unique piscine municipale ouverte en juillet et ao\u00fbt \u00e0 Saint-Etienne, a vraiment tr\u00e8s mal d\u00e9marr\u00e9.<\/p>\n<p>En pleine p\u00e9riode de canicule, les usagers qui esp\u00e9raient trouver un peu de fra\u00eecheur \u00e0 la piscine Raymond-Sommet ont \u00e9t\u00e9 contraints de rebrousser chemin, l\u2019\u00e9quipement \u00e9tant ferm\u00e9 au public suite \u00e0 un mouvement de gr\u00e8ve de huit agents des piscines.<\/p>\n<p>Effectivement, un pr\u00e9avis de gr\u00e8ve concernant la piscine Raymond-Sommet les samedis et dimanches a \u00e9t\u00e9 d\u00e9pos\u00e9 par le syndicat CGT des Territoriaux.<\/p>\n<p>\u00ab\u00a0Que trois agents d\u2019hygi\u00e8ne en poste du soir, alors qu\u2019il en faut cinq\u00a0\u00bb<\/p>\n<p>\u00ab\u00a0Ils \u00e9taient bien huit en gr\u00e8ve et non deux comme le dit la mairie. Si ces agents ont eu recours \u00e0 l\u2019utilisation de leur droit de gr\u00e8ve, c\u2019est en raison du sous-effectif actuel, coupl\u00e9 aux horaires et contraintes calendaires et de mobilit\u00e9 qui leur sont impos\u00e9s en cette p\u00e9riode\u00a0\u00bb, explique Annick Morel,&#8230;<\/p>\n","protected":false},"excerpt":{"rendered":"Les temp\u00e9ratures montent et les esprits s\u2019\u00e9chauffent. Samedi dernier, le premier jour de la saison estivale, dans l\u2019unique&hellip;\n","protected":false},"author":2,"featured_media":218593,"comment_status":"","ping_status":"","sticky":false,"template":"","format":"standard","meta":{"footnotes":""},"categories":[9653],"tags":[1111,11,2430,6698,4406,9671,33,7539,436,1777,674,1011,27,12,25,4001,7538,801],"class_list":{"0":"post-218592","1":"post","2":"type-post","3":"status-publish","4":"format-standard","5":"has-post-thumbnail","7":"category-saint-etienne","8":"tag-actu","9":"tag-actualites","10":"tag-auvergne-rhone-alpes","11":"tag-canicule","12":"tag-commerce-et-services","13":"tag-conflit-social","14":"tag-economie","15":"tag-edition-loire-sud","16":"tag-environnement","17":"tag-eu","18":"tag-europe","19":"tag-fr","20":"tag-france","21":"tag-news","22":"tag-republique-francaise","23":"tag-saint-etienne","24":"tag-saint-etienne-ville","25":"tag-social"},"share_on_mastodon":{"url":"https:\/\/pubeurope.com\/@fr\/114778979949625222","error":""},"_links":{"self":[{"href":"https:\/\/www.europesays.com\/fr\/wp-json\/wp\/v2\/posts\/218592","targetHints":{"allow":["GET"]}}],"collection":[{"href":"https:\/\/www.europesays.com\/fr\/wp-json\/wp\/v2\/posts"}],"about":[{"href":"https:\/\/www.europesays.com\/fr\/wp-json\/wp\/v2\/types\/post"}],"author":[{"embeddable":true,"href":"https:\/\/www.europesays.com\/fr\/wp-json\/wp\/v2\/users\/2"}],"replies":[{"embeddable":true,"href":"https:\/\/www.europesays.com\/fr\/wp-json\/wp\/v2\/comments?post=218592"}],"version-history":[{"count":0,"href":"https:\/\/www.europesays.com\/fr\/wp-json\/wp\/v2\/posts\/218592\/revisions"}],"wp:featuredmedia":[{"embeddable":true,"href":"https:\/\/www.europesays.com\/fr\/wp-json\/wp\/v2\/media\/218593"}],"wp:attachment":[{"href":"https:\/\/www.europesays.com\/fr\/wp-json\/wp\/v2\/media?parent=218592"}],"wp:term":[{"taxonomy":"category","embeddable":true,"href":"https:\/\/www.europesays.com\/fr\/wp-json\/wp\/v2\/categories?post=218592"},{"taxonomy":"post_tag","embeddable":true,"href":"https:\/\/www.europesays.com\/fr\/wp-json\/wp\/v2\/tags?post=218592"}],"curies":[{"name":"wp","href":"https:\/\/api.w.org\/{rel}","templated":true}]}}