{"id":218609,"date":"2025-07-01T16:51:12","date_gmt":"2025-07-01T16:51:12","guid":{"rendered":"https:\/\/www.europesays.com\/fr\/218609\/"},"modified":"2025-07-01T16:51:12","modified_gmt":"2025-07-01T16:51:12","slug":"isere-les-gerants-de-lescape-game-de-neyrpic-mercredi-soir-a-la-tele-sur-6ter","status":"publish","type":"post","link":"https:\/\/www.europesays.com\/fr\/218609\/","title":{"rendered":"Is\u00e8re. Les g\u00e9rants de l\u2019escape game de Neyrpic mercredi soir \u00e0 la t\u00e9l\u00e9 sur 6TER"},"content":{"rendered":"<p>Julien et Sandra, des habitants de Froges, passeront \u00e0 la t\u00e9l\u00e9 ce mercredi 2\u00a0juillet, dans le cadre de la nouvelle \u00e9mission \u201cLa vie secr\u00e8te des commer\u00e7ants\u201d sur 6TER.<\/p>\n<p>Le couple is\u00e9rois, en reconversion professionnelle, a ouvert cette ann\u00e9e un escape game <a href=\"https:\/\/www.ledauphine.com\/economie\/2024\/10\/02\/neyrpic-est-ouvert-le-public-est-(deja)-au-rendez-vous\" target=\"_blank\" rel=\"noopener\">au nouveau centre commercial Neyrpic<\/a>. \u00ab\u00a0On nous a propos\u00e9 de montrer l\u2019envers du d\u00e9cor de deux personnes qui se lancent dans le monde de la franchise, de montrer le c\u00f4t\u00e9 humain d\u2019un projet commercial en construction.\u00a0\u00bb relate Julien, 39 ans, issu du monde de la banque. \u00ab\u00a0On voulait donner de la visibilit\u00e9 \u00e0 notre enseigne, et on trouvait \u00e7a chouette de participer \u00e0 une \u00e9mission de t\u00e9l\u00e9. Ce n\u2019est pas une exp\u00e9rience qui se pr\u00e9sente tous les jours\u00a0!\u00a0\u00bb confie-t-il.<\/p>\n<p>Les coulisses de l\u2019ouverture de l&rsquo;escape game<\/p>\n<p>Pendant six mois, une \u00e9quipe de tournage a suivi le couple dans l\u2019une des aventures les plus prenantes de leur vie. Formations, recrutements, vie de famille, inauguration\u00a0: aucune miette des coulisses de l\u2019ouverture de leur escape game ne semble avoir \u00e9t\u00e9 \u00e9pargn\u00e9e.<\/p>\n<p>\u00ab\u00a0C\u2019est pas facile d\u2019\u00eatre \u00e0 l\u2019aise devant la cam\u00e9ra\u00a0! avoue Julien. J\u2019ai l\u2019habitude de parler devant du monde car je suis adjoint au maire \u00e0 Froges, mais pour Sandra, c\u2019\u00e9tait assez compliqu\u00e9 au d\u00e9part. \u00c7a s\u2019est quand m\u00eame tr\u00e8s bien pass\u00e9 par la suite.\u00a0\u00bb<\/p>\n<p>Si l\u2019\u00e9pisode consacr\u00e9 \u00e0 Julien et Sandra para\u00eetra le 2\u00a0juillet prochain sur la cha\u00eene 6TER, une deuxi\u00e8me \u00e9dition de l\u2019\u00e9mission semble d\u2019ores et d\u00e9j\u00e0 pointer le bout de son nez. \u00ab\u00a0Ils nous ont fait part de leur envie d\u2019un feedback des participants de la saison 1 dans une potentielle saison 2\u00a0\u00bb, affirme Julien, qui compte ouvrir un deuxi\u00e8me commerce \u00e0 Neyrpic l\u2019ann\u00e9e prochaine\u00a0: \u00ab\u00a0Un caf\u00e9 cette fois-ci\u00a0\u00bb, pr\u00e9cise-t-il.<\/p>\n","protected":false},"excerpt":{"rendered":"Julien et Sandra, des habitants de Froges, passeront \u00e0 la t\u00e9l\u00e9 ce mercredi 2\u00a0juillet, dans le cadre de&hellip;\n","protected":false},"author":2,"featured_media":218610,"comment_status":"","ping_status":"","sticky":false,"template":"","format":"standard","meta":{"footnotes":""},"categories":[9566],"tags":[1111,11,2430,4406,112,113,1777,674,1011,27,35789,6096,2731,108,12,25,9448,2205],"class_list":{"0":"post-218609","1":"post","2":"type-post","3":"status-publish","4":"format-standard","5":"has-post-thumbnail","7":"category-grenoble","8":"tag-actu","9":"tag-actualites","10":"tag-auvergne-rhone-alpes","11":"tag-commerce-et-services","12":"tag-edition-grenoble-agglomeration","13":"tag-edition-gresivaudan-oisans","14":"tag-eu","15":"tag-europe","16":"tag-fr","17":"tag-france","18":"tag-froges","19":"tag-goncelin-et-autour","20":"tag-grenoble","21":"tag-isere","22":"tag-news","23":"tag-republique-francaise","24":"tag-saint-martin-dheres","25":"tag-television-medias"},"share_on_mastodon":{"url":"https:\/\/pubeurope.com\/@fr\/114779015362476195","error":""},"_links":{"self":[{"href":"https:\/\/www.europesays.com\/fr\/wp-json\/wp\/v2\/posts\/218609","targetHints":{"allow":["GET"]}}],"collection":[{"href":"https:\/\/www.europesays.com\/fr\/wp-json\/wp\/v2\/posts"}],"about":[{"href":"https:\/\/www.europesays.com\/fr\/wp-json\/wp\/v2\/types\/post"}],"author":[{"embeddable":true,"href":"https:\/\/www.europesays.com\/fr\/wp-json\/wp\/v2\/users\/2"}],"replies":[{"embeddable":true,"href":"https:\/\/www.europesays.com\/fr\/wp-json\/wp\/v2\/comments?post=218609"}],"version-history":[{"count":0,"href":"https:\/\/www.europesays.com\/fr\/wp-json\/wp\/v2\/posts\/218609\/revisions"}],"wp:featuredmedia":[{"embeddable":true,"href":"https:\/\/www.europesays.com\/fr\/wp-json\/wp\/v2\/media\/218610"}],"wp:attachment":[{"href":"https:\/\/www.europesays.com\/fr\/wp-json\/wp\/v2\/media?parent=218609"}],"wp:term":[{"taxonomy":"category","embeddable":true,"href":"https:\/\/www.europesays.com\/fr\/wp-json\/wp\/v2\/categories?post=218609"},{"taxonomy":"post_tag","embeddable":true,"href":"https:\/\/www.europesays.com\/fr\/wp-json\/wp\/v2\/tags?post=218609"}],"curies":[{"name":"wp","href":"https:\/\/api.w.org\/{rel}","templated":true}]}}