{"id":218613,"date":"2025-07-01T16:53:14","date_gmt":"2025-07-01T16:53:14","guid":{"rendered":"https:\/\/www.europesays.com\/fr\/218613\/"},"modified":"2025-07-01T16:53:14","modified_gmt":"2025-07-01T16:53:14","slug":"des-records-atteints-voici-les-villes-ou-il-a-fait-le-plus-chaud","status":"publish","type":"post","link":"https:\/\/www.europesays.com\/fr\/218613\/","title":{"rendered":"des records atteints, voici les villes o\u00f9 il a fait le plus chaud"},"content":{"rendered":"<p>            Par<br \/>\n        <strong><br \/>\n            <a href=\"https:\/\/actu.fr\/auteur\/brian-legoff\" title=\"Consulter tous les articles de Brian Le Goff\" rel=\"nofollow noopener\" target=\"_blank\">Brian Le Goff<\/a><br \/>\n        <\/strong><\/p>\n<p>        Publi\u00e9 le<\/p>\n<p>            1 juil. 2025 \u00e0 15h59        <\/p>\n<p><strong>\u00ab\u2009\u00c9touffante\u2009\u00bb, \u00ab\u2009accablante\u2009\u00bb\u2026<\/strong> Les adjectifs vont tous dans le m\u00eame sens pour qualifier la journ\u00e9e la plus chaude de 2025 \u00e0 l\u2019heure actuelle. Lundi 30\u00a0juin a pulv\u00e9ris\u00e9 les records de chaleur pour un mois de juin. C\u2019est ce que rel\u00e8ve<strong> S\u00e9bastien Decaux<\/strong> du site <a href=\"https:\/\/www.meteo.bzh\/\" rel=\"nofollow noopener\" target=\"_blank\">M\u00e9t\u00e9o Bretagne<\/a>.<\/p>\n<blockquote class=\"ac-article-quote wall-content\">\n<p>Une grande partie de la r\u00e9gion a connu des temp\u00e9ratures sup\u00e9rieures aux 30 \u00b0C. Quand ce n&rsquo;\u00e9tait pas le cas, elles \u00e9taient largement au-dessus des moyennes de saison.<\/p>\n<p>    <strong>S\u00e9bastien Decaux<\/strong><br \/>\n        M\u00e9t\u00e9orologue pour M\u00e9t\u00e9o Bretagne    <\/p><\/blockquote>\n<p class=\" wall-content\">Ainsi, il n\u2019a jamais fait aussi chaud au mois de juin <strong>\u00e0 Lanleff (C\u00f4tes-d\u2019Armor)<\/strong> avec 36\u00a0\u00b0C relev\u00e9s \u00e0 16h30. L\u2019ancien record de 33,9\u00a0\u00b0C, datant du 17\u00a0juin 2022, avait d\u00e9j\u00e0 \u00e9t\u00e9 battu le 21\u00a0juin 2025 avec 34\u00a0\u00b0C.<\/p>\n<p>\u00c0 Dinard, plus de 13\u00a0\u00b0C d\u2019\u00e9cart en 24\u00a0heures<\/p>\n<p class=\" wall-content\">M\u00eame chose \u00e0<strong> Pommerit-Jaudy,<\/strong> toujours dans les C\u00f4tes-d\u2019Armor, avec 35,3\u00a0\u00b0C. L\u2019ancien record de 33,5\u00a0\u00b0C du 30\u00a0juin 2015 a, lui aussi, \u00e9t\u00e9 d\u00e9j\u00e0 battu le 20\u00a0juin 2025 avec 34\u00a0\u00b0C.<\/p>\n<p class=\" wall-content\">\n<p class=\" wall-content\">Enfin, <strong>Dinard<\/strong>, sur la c\u00f4te d\u2019\u00c9meraude, au nord de l\u2019Ille-et-Vilaine, a connu un nouveau record de 36\u00a0\u00b0C, contre 35,5\u00a0\u00b0C le 17\u00a0juin 2022. <strong>\u00ab\u2009Une hausse spectaculaire du mercure,<\/strong> alors que, avec le vent du nord, les temp\u00e9ratures n\u2019avaient pas d\u00e9pass\u00e9 les 22,7\u00a0\u00b0C, dimanche 29\u00a0juin\u2009\u00bb, continue M\u00e9t\u00e9o Bretagne. Soit une diff\u00e9rence de plus de 13\u00a0\u00b0C en 24h.<\/p>\n<p class=\" wall-content\"><strong>Encore une fois en Ille-et-Vilaine,<\/strong> <a href=\"https:\/\/actu.fr\/bretagne\/arbrissel_35005\/canicule-en-ille-et-vilaine-cette-commune-signe-le-record-de-chaleur-en-bretagne_62848665.html\" rel=\"nofollow noopener\" target=\"_blank\">Arbrissel, une petite commune situ\u00e9e au sud-est du d\u00e9partement bretillien, \u00e9tait l\u2019un des territoires o\u00f9 il a fait le plus chaud en Bretagne<\/a>.<\/p>\n<p>Vid\u00e9os : en ce moment sur ActuRecord \u00e9gal\u00e9 \u00e0 Rennes<\/p>\n<p class=\" wall-content\">\u00c0 <a href=\"https:\/\/actu.fr\/rennes\/\" rel=\"nofollow noopener\" target=\"_blank\">Rennes<\/a>, <strong>capitale bretonne,<\/strong> le thermom\u00e8tre est mont\u00e9 \u00e0 <strong>37,6\u00a0\u00b0C<\/strong> \u00e0 la station M\u00e9t\u00e9o France de Saint-Jacques-de-la-Lande, proche de l\u2019<a href=\"https:\/\/actu.fr\/tag\/aeroport-de-rennes\" rel=\"nofollow noopener\" target=\"_blank\">a\u00e9roport<\/a>. Dans le quartier de Beaulieu, la station Rennes Gallet a relev\u00e9<strong> 37,9\u00a0\u00b0C<\/strong>, \u00e9galant ainsi le record de chaleur dans la m\u00e9tropole pour un mois de juin, remontant au 18\u00a0juin 2022.<\/p>\n<p class=\" wall-content\">\n<p class=\" wall-content\"><strong>Dans le Finist\u00e8re, \u00e0 Saint-S\u00e9gal,<\/strong> dans les terres, le record a \u00e9t\u00e9 <strong>fr\u00f4l\u00e9 de 0,2\u00a0\u00b0C<\/strong>, indique M\u00e9t\u00e9o Bretagne, avec 33,6\u00a0\u00b0C.<\/p>\n<p class=\" wall-content\">La pointe bretonne a dans une moindre mesure subi cet \u00e9pisode caniculaire. Sur<strong> l\u2019\u00eele de Batz, il a ainsi fait 24,2\u00a0\u00b0C,<\/strong> une temp\u00e9rature rarement atteinte.<\/p>\n<p class=\" wall-content\">Suivez toute l\u2019actualit\u00e9 de vos villes et m\u00e9dias favoris en vous inscrivant \u00e0 <a href=\"https:\/\/moncompte.actu.fr\" title=\"D\u00e9couvez Mon Actu\" rel=\"nofollow noopener\" data-trk=\"{&quot;cta&quot;:{&quot;action&quot;:&quot;https:\\\/\\\/moncompte.actu.fr&quot;,&quot;category&quot;:&quot;mon compte&quot;,&quot;from&quot;:&quot;article footer&quot;,&quot;name&quot;:&quot;Mon actu&quot;,&quot;type&quot;:&quot;cta&quot;}}\" target=\"_blank\">Mon Actu<\/a>.<\/p>\n<ul class=\"ac-article-tag wall-content\">\n<li><a href=\"https:\/\/actu.fr\/tag\/canicule\" data-trk=\"{&quot;cta&quot;:{&quot;action&quot;:&quot;Canicule&quot;,&quot;category&quot;:&quot;tag&quot;,&quot;from&quot;:&quot;article footer&quot;,&quot;name&quot;:&quot;Canicule&quot;,&quot;type&quot;:&quot;cta&quot;}}\" rel=\"nofollow noopener\" target=\"_blank\">#Canicule<\/a><\/li>\n<li><a href=\"https:\/\/actu.fr\/tag\/vague-de-chaleur\" data-trk=\"{&quot;cta&quot;:{&quot;action&quot;:&quot;Vague de chaleur&quot;,&quot;category&quot;:&quot;tag&quot;,&quot;from&quot;:&quot;article footer&quot;,&quot;name&quot;:&quot;Vague de chaleur&quot;,&quot;type&quot;:&quot;cta&quot;}}\" rel=\"nofollow noopener\" target=\"_blank\">#Vague de chaleur<\/a><\/li>\n<\/ul>\n","protected":false},"excerpt":{"rendered":"Par Brian Le Goff Publi\u00e9 le 1 juil. 2025 \u00e0 15h59 \u00ab\u2009\u00c9touffante\u2009\u00bb, \u00ab\u2009accablante\u2009\u00bb\u2026 Les adjectifs vont tous dans&hellip;\n","protected":false},"author":2,"featured_media":218614,"comment_status":"","ping_status":"","sticky":false,"template":"","format":"standard","meta":{"footnotes":""},"categories":[2821],"tags":[1111,11,829,6698,1777,674,1011,27,2487,12,584,25,15637],"class_list":{"0":"post-218613","1":"post","2":"type-post","3":"status-publish","4":"format-standard","5":"has-post-thumbnail","7":"category-rennes","8":"tag-actu","9":"tag-actualites","10":"tag-bretagne","11":"tag-canicule","12":"tag-eu","13":"tag-europe","14":"tag-fr","15":"tag-france","16":"tag-meteo","17":"tag-news","18":"tag-rennes","19":"tag-republique-francaise","20":"tag-vague-de-chaleur"},"share_on_mastodon":{"url":"https:\/\/pubeurope.com\/@fr\/114779023276510410","error":""},"_links":{"self":[{"href":"https:\/\/www.europesays.com\/fr\/wp-json\/wp\/v2\/posts\/218613","targetHints":{"allow":["GET"]}}],"collection":[{"href":"https:\/\/www.europesays.com\/fr\/wp-json\/wp\/v2\/posts"}],"about":[{"href":"https:\/\/www.europesays.com\/fr\/wp-json\/wp\/v2\/types\/post"}],"author":[{"embeddable":true,"href":"https:\/\/www.europesays.com\/fr\/wp-json\/wp\/v2\/users\/2"}],"replies":[{"embeddable":true,"href":"https:\/\/www.europesays.com\/fr\/wp-json\/wp\/v2\/comments?post=218613"}],"version-history":[{"count":0,"href":"https:\/\/www.europesays.com\/fr\/wp-json\/wp\/v2\/posts\/218613\/revisions"}],"wp:featuredmedia":[{"embeddable":true,"href":"https:\/\/www.europesays.com\/fr\/wp-json\/wp\/v2\/media\/218614"}],"wp:attachment":[{"href":"https:\/\/www.europesays.com\/fr\/wp-json\/wp\/v2\/media?parent=218613"}],"wp:term":[{"taxonomy":"category","embeddable":true,"href":"https:\/\/www.europesays.com\/fr\/wp-json\/wp\/v2\/categories?post=218613"},{"taxonomy":"post_tag","embeddable":true,"href":"https:\/\/www.europesays.com\/fr\/wp-json\/wp\/v2\/tags?post=218613"}],"curies":[{"name":"wp","href":"https:\/\/api.w.org\/{rel}","templated":true}]}}