{"id":218617,"date":"2025-07-01T16:55:19","date_gmt":"2025-07-01T16:55:19","guid":{"rendered":"https:\/\/www.europesays.com\/fr\/218617\/"},"modified":"2025-07-01T16:55:19","modified_gmt":"2025-07-01T16:55:19","slug":"logement-journees-nationales-des-organismes-fonciers-solidaires-a-strasbourg","status":"publish","type":"post","link":"https:\/\/www.europesays.com\/fr\/218617\/","title":{"rendered":"Logement. Journ\u00e9es nationales des organismes fonciers\u00a0solidaires\u00a0\u00e0 Strasbourg"},"content":{"rendered":"<blockquote class=\"question\"><p>Quel est l\u2019objet de ces journ\u00e9es nationales des organismes fonciers solidaires\u00a0?<\/p><\/blockquote>\n<p>L\u2019association Foncier Solidaire France organise chaque ann\u00e9e un \u00e9v\u00e9nement d\u00e9di\u00e9 aux organismes du foncier solidaire (OFS) et au bail r\u00e9el solidaire (BRS). L\u2019objectif est de rassembler tous ceux dans la profession qui travaillent et \u0153uvrent pour le BRS afin de promouvoir ce mod\u00e8le mais \u00e9galement de parler de sujets plus pratiques et techniques avec notamment des ateliers. C\u2019est aussi l\u2019occasion de faire un plaidoyer, lors de la s\u00e9ance de cl\u00f4ture, \u00e0 l\u2019attention du minist\u00e8re du logement. Nous serons autour de 350 personnes cette ann\u00e9e.<\/p>\n<blockquote class=\"question\"><p>Quel est le principe du BRS\u00a0?<\/p><\/blockquote>\n<p><a href=\"https:\/\/www.lalsace.fr\/magazine-immobilier\/2024\/09\/10\/pourquoi-le-bail-reel-solidaire-(brs)-va-changer-en-2025\" target=\"_blank\" rel=\"nofollow noopener\">Le Bail r\u00e9el solidaire<\/a> est un dispositif \u00e9mergeant d\u2019accession \u00e0 la propri\u00e9t\u00e9. Un organisme du foncier solidaire, qui est une structure \u00e0 but non lucratif, c\u00e8de des droits r\u00e9els sur un logement \u00e0 des m\u00e9nages qui sont sous plafond de ressources. C\u2019est une dissociation \u00e9conomique du co\u00fbt du foncier de celui du logement qui permet \u00e0 des m\u00e9nages \u00e0 revenus modestes de devenir propri\u00e9taires de droits r\u00e9els immobilier et d\u2019avoir la jouissance d\u2019un logement.<\/p>\n<blockquote class=\"question\"><p>Ce dispositif progresse-t-il dans la r\u00e9gion\u00a0?<\/p><\/blockquote>\n<p>25 logements sont livr\u00e9s dans le Grand Est et 184 sont actuellement en projet. D\u2019ici \u00e0 2028, il devrait y avoir au moins 200 logements en bail r\u00e9el solidaire dans la r\u00e9gion. Deux OFS sont actuellement producteurs\u00a0: l\u2019OFS d\u2019Alsace et la Coop\u00e9rative fonci\u00e8re de l\u2019Ill. D\u2019autres acteurs pourraient \u00e9merger.<\/p>\n<blockquote class=\"question\"><p>Quels sont les freins\u00a0?<\/p><\/blockquote>\n<p>Notre plaidoyer sera cette ann\u00e9e tr\u00e8s centr\u00e9 sur l\u2019acc\u00e8s \u00e0 un pr\u00eat \u00e0 taux z\u00e9ro dans le cadre d\u2019une revente d\u2019un logement en bail r\u00e9el solidaire. Le prix du foncier sur certains territoires demeure \u00e9galement une probl\u00e9matique m\u00eame si la Banque des territoires est un soutien. Et comme nous sommes encore au d\u00e9but de l\u2019Histoire, des questions continuent de se poser dans le cadre des montages juridiques. L\u2019instabilit\u00e9 politique de ces derniers temps ne nous a pas aid\u00e9s \u00e0 avancer, il reste des points d\u2019accroche, mais nous avons enfin r\u00e9ussi \u00e0 prendre attache avec [la ministre en charge du logement] Val\u00e9rie L\u00e9tard dont un message sera diffus\u00e9 en pl\u00e9ni\u00e8re de cl\u00f4ture.<\/p>\n","protected":false},"excerpt":{"rendered":"Quel est l\u2019objet de ces journ\u00e9es nationales des organismes fonciers solidaires\u00a0? L\u2019association Foncier Solidaire France organise chaque ann\u00e9e&hellip;\n","protected":false},"author":2,"featured_media":218618,"comment_status":"","ping_status":"","sticky":false,"template":"","format":"standard","meta":{"footnotes":""},"categories":[2820],"tags":[1111,11,2389,1777,674,107,1011,27,775,1908,12,25,104,640],"class_list":{"0":"post-218617","1":"post","2":"type-post","3":"status-publish","4":"format-standard","5":"has-post-thumbnail","7":"category-strasbourg","8":"tag-actu","9":"tag-actualites","10":"tag-alsace","11":"tag-eu","12":"tag-europe","13":"tag-fil-info","14":"tag-fr","15":"tag-france","16":"tag-grand-est","17":"tag-logement","18":"tag-news","19":"tag-republique-francaise","20":"tag-societe","21":"tag-strasbourg"},"share_on_mastodon":{"url":"https:\/\/pubeurope.com\/@fr\/114779031008638879","error":""},"_links":{"self":[{"href":"https:\/\/www.europesays.com\/fr\/wp-json\/wp\/v2\/posts\/218617","targetHints":{"allow":["GET"]}}],"collection":[{"href":"https:\/\/www.europesays.com\/fr\/wp-json\/wp\/v2\/posts"}],"about":[{"href":"https:\/\/www.europesays.com\/fr\/wp-json\/wp\/v2\/types\/post"}],"author":[{"embeddable":true,"href":"https:\/\/www.europesays.com\/fr\/wp-json\/wp\/v2\/users\/2"}],"replies":[{"embeddable":true,"href":"https:\/\/www.europesays.com\/fr\/wp-json\/wp\/v2\/comments?post=218617"}],"version-history":[{"count":0,"href":"https:\/\/www.europesays.com\/fr\/wp-json\/wp\/v2\/posts\/218617\/revisions"}],"wp:featuredmedia":[{"embeddable":true,"href":"https:\/\/www.europesays.com\/fr\/wp-json\/wp\/v2\/media\/218618"}],"wp:attachment":[{"href":"https:\/\/www.europesays.com\/fr\/wp-json\/wp\/v2\/media?parent=218617"}],"wp:term":[{"taxonomy":"category","embeddable":true,"href":"https:\/\/www.europesays.com\/fr\/wp-json\/wp\/v2\/categories?post=218617"},{"taxonomy":"post_tag","embeddable":true,"href":"https:\/\/www.europesays.com\/fr\/wp-json\/wp\/v2\/tags?post=218617"}],"curies":[{"name":"wp","href":"https:\/\/api.w.org\/{rel}","templated":true}]}}