{"id":218619,"date":"2025-07-01T16:56:09","date_gmt":"2025-07-01T16:56:09","guid":{"rendered":"https:\/\/www.europesays.com\/fr\/218619\/"},"modified":"2025-07-01T16:56:09","modified_gmt":"2025-07-01T16:56:09","slug":"comment-expliquer-la-serie-dagressions-de-personnels-de-piscines","status":"publish","type":"post","link":"https:\/\/www.europesays.com\/fr\/218619\/","title":{"rendered":"comment expliquer la s\u00e9rie d&rsquo;agressions de personnels de piscines\u00a0?"},"content":{"rendered":"<p>            Par<br \/>\n        <strong><br \/>\n            <a href=\"https:\/\/actu.fr\/auteur\/olivia-kouassi\" title=\"Consulter tous les articles de Olivia Kouassi\" rel=\"nofollow noopener\" target=\"_blank\">Olivia Kouassi<\/a><br \/>\n        <\/strong><\/p>\n<p>        Publi\u00e9 le<\/p>\n<p>            1 juil. 2025 \u00e0 18h37        <\/p>\n<p>Tensions autour des points d\u2019eau \u00e0 <a href=\"https:\/\/actu.fr\/strasbourg\/\" rel=\"nofollow noopener\" target=\"_blank\"><strong>Strasbourg<\/strong> <\/a>(Bas-Rhin). Apr\u00e8s une premi\u00e8re <strong>altercation<\/strong> vendredi 13 juin entre des agents de la piscine de Hautepierre et un baigneur, une seconde <strong>agression<\/strong> s\u2019est d\u00e9roul\u00e9e dimanche 29 juin \u00e0 la piscine du Wacken. Un m\u00e9diateur de la Ville et une maitre-nageuse ont \u00e9t\u00e9 agress\u00e9s, entrainant, pour l\u2019agente municipale bless\u00e9e au genou, un arr\u00eat de travail de quinze jours. A <strong>Brumath<\/strong>, la fermeture pr\u00e9matur\u00e9e du parking du plan d\u2019eau en raison de son importante fr\u00e9quentation a entrain\u00e9 des tensions dimanche 29 juin.<\/p>\n<p class=\" wall-content\">Epiph\u00e9nom\u00e8ne ou probl\u00e8me plus important ? Que fait l\u2019Eurom\u00e9tropole pour tenter d\u2019endiguer la situation ? Actu Strasbourg a tent\u00e9 d\u2019analyser la situation.\u00a0<\/p>\n<p>\u00ab\u00a0Le ph\u00e9nom\u00e8ne est en augmentation ces derni\u00e8res ann\u00e9es\u00a0\u00bb<\/p>\n<p class=\" wall-content\">Pour Vincent Debes, vice-pr\u00e9sident de L\u2019Eurom\u00e9tropole en charge du sport et des \u00e9quipements sportifs, le <strong>ph\u00e9nom\u00e8ne est \u00ab\u00a0en augmentation<\/strong> ces derni\u00e8res ann\u00e9es\u00a0\u00bb. \u00ab\u00a0Il y a une gradation avec de plus en plus de provocations et moins de respects des r\u00e8gles\u00a0\u00bb, d\u00e9taille l\u2019\u00e9lu.<\/p>\n<p class=\" wall-content\">Pour Karim Hadi, secr\u00e9taire g\u00e9n\u00e9ral de la CGT Strasbourg Eurom\u00e9tropole, cette s\u00e9rie d\u2019agressions est un \u00ab\u00a0<strong>\u00e9piphon\u00e8me<\/strong>\u00ab\u00a0. \u00ab\u00a0Il n\u2019y en a pas eu l\u2019ann\u00e9e derni\u00e8re, il n\u2019y en aura peut-\u00eatre plus l\u2019ann\u00e9e prochaine\u00a0\u00bb, avance le syndicaliste qui d\u00e9nonce toutefois \u00ab\u00a0ces agressions avec fermet\u00e9\u00a0\u00bb. \u00ab\u00a0C\u2019est tr\u00e8s <strong>violent<\/strong>, les repr\u00e9sentants du service public doivent \u00eatre respect\u00e9s\u00a0\u00bb,\u00a0 conclut-il.<\/p>\n<p>Augmentation du nombre d\u2019agents de s\u00e9curit\u00e9 d\u00e9ploy\u00e9s<\/p>\n<p class=\" wall-content\">\u00ab\u00a0Les agents vont au boulot <strong>la boule au ventre<\/strong>, les conditions de travail ne sont pas sereines\u00a0\u00bb, explique Vincent Debes. Pour endiguer le ph\u00e9nom\u00e8ne, le vice-pr\u00e9sident en charge des \u00e9quipements sportifs a annonc\u00e9 avoir demand\u00e9 le d\u00e9ploiement de<strong> quatre agents de s\u00e9curit\u00e9<\/strong> suppl\u00e9mentaires sur le site du Wacken et quatre autres sur le site de Hautepierre. A cela devrait s\u2019ajouter la pr\u00e9sence de trois m\u00e9diateurs suppl\u00e9mentaires au Wacken.<\/p>\n<p>Vid\u00e9os : en ce moment sur Actu<\/p>\n<p class=\" wall-content\">Pour Karim Hadi en revanche, \u00ab\u00a0ce ne sont pas des agents de s\u00e9curit\u00e9 qui vont aider\u00a0\u00bb. \u00ab\u00a0Pour que nos coll\u00e8gues retrouvent de bonnes conditions de travail, \u00e7a ne peut passer que par le <strong>recrutement de personnels<\/strong>. Les ma\u00eetres nageurs sont en flux tendu, il n\u2019y en a pas un de trop en face d\u2019un bassin\u00a0\u00bb, d\u00e9taille-t-il, arguant \u00ab\u00a0qu\u2019il faut aussi renforcer la pr\u00e9sence de m\u00e9diateurs qui sont form\u00e9s \u00e0 d\u00e9samorcer des situations de tensions\u00a0\u00bb.<\/p>\n<p>Ouverture limit\u00e9e de la piscine du Wacken<\/p>\n<p class=\" wall-content\">\n<p class=\" wall-content\">Alors que la <a href=\"https:\/\/actu.fr\/meteo\/meteo-canicule-jusqu-a-42-c-en-temperature-ressentie-cette-semaine-pas-loin-du-seuil-dangereux_62843842.html\" rel=\"nofollow noopener\" target=\"_blank\"><strong>p\u00e9riode caniculaire<\/strong><\/a> atteint son apog\u00e9e mercredi 2 juillet o\u00f9 37 degr\u00e9s sont attendus \u00e0 Strasbourg, la piscine du Wacken, d\u00e9j\u00e0 ferm\u00e9e ce lundi \u00e0 la suite de l\u2019agression, sera elle contrainte d\u2019ouvrir uniquement de 7h \u00e0 14 heures en raison d\u2019un manque d\u2019effectif.<\/p>\n<p class=\" wall-content\">Les autres plans d\u2019eau de l\u2019Eurom\u00e9tropole fonctionneront eux normalement.\u00a0<\/p>\n<p class=\" wall-content\">Suivez toute l\u2019actualit\u00e9 de vos villes et m\u00e9dias favoris en vous inscrivant \u00e0 <a href=\"https:\/\/moncompte.actu.fr\" title=\"D\u00e9couvez Mon Actu\" rel=\"nofollow noopener\" data-trk=\"{&quot;cta&quot;:{&quot;action&quot;:&quot;https:\\\/\\\/moncompte.actu.fr&quot;,&quot;category&quot;:&quot;mon compte&quot;,&quot;from&quot;:&quot;article footer&quot;,&quot;name&quot;:&quot;Mon actu&quot;,&quot;type&quot;:&quot;cta&quot;}}\" target=\"_blank\">Mon Actu<\/a>.<\/p>\n","protected":false},"excerpt":{"rendered":"Par Olivia Kouassi Publi\u00e9 le 1 juil. 2025 \u00e0 18h37 Tensions autour des points d\u2019eau \u00e0 Strasbourg (Bas-Rhin).&hellip;\n","protected":false},"author":2,"featured_media":218620,"comment_status":"","ping_status":"","sticky":false,"template":"","format":"standard","meta":{"footnotes":""},"categories":[2820],"tags":[1111,11,6698,1777,674,1011,27,775,12,25,104,640],"class_list":{"0":"post-218619","1":"post","2":"type-post","3":"status-publish","4":"format-standard","5":"has-post-thumbnail","7":"category-strasbourg","8":"tag-actu","9":"tag-actualites","10":"tag-canicule","11":"tag-eu","12":"tag-europe","13":"tag-fr","14":"tag-france","15":"tag-grand-est","16":"tag-news","17":"tag-republique-francaise","18":"tag-societe","19":"tag-strasbourg"},"share_on_mastodon":{"url":"https:\/\/pubeurope.com\/@fr\/114779034983812544","error":""},"_links":{"self":[{"href":"https:\/\/www.europesays.com\/fr\/wp-json\/wp\/v2\/posts\/218619","targetHints":{"allow":["GET"]}}],"collection":[{"href":"https:\/\/www.europesays.com\/fr\/wp-json\/wp\/v2\/posts"}],"about":[{"href":"https:\/\/www.europesays.com\/fr\/wp-json\/wp\/v2\/types\/post"}],"author":[{"embeddable":true,"href":"https:\/\/www.europesays.com\/fr\/wp-json\/wp\/v2\/users\/2"}],"replies":[{"embeddable":true,"href":"https:\/\/www.europesays.com\/fr\/wp-json\/wp\/v2\/comments?post=218619"}],"version-history":[{"count":0,"href":"https:\/\/www.europesays.com\/fr\/wp-json\/wp\/v2\/posts\/218619\/revisions"}],"wp:featuredmedia":[{"embeddable":true,"href":"https:\/\/www.europesays.com\/fr\/wp-json\/wp\/v2\/media\/218620"}],"wp:attachment":[{"href":"https:\/\/www.europesays.com\/fr\/wp-json\/wp\/v2\/media?parent=218619"}],"wp:term":[{"taxonomy":"category","embeddable":true,"href":"https:\/\/www.europesays.com\/fr\/wp-json\/wp\/v2\/categories?post=218619"},{"taxonomy":"post_tag","embeddable":true,"href":"https:\/\/www.europesays.com\/fr\/wp-json\/wp\/v2\/tags?post=218619"}],"curies":[{"name":"wp","href":"https:\/\/api.w.org\/{rel}","templated":true}]}}