{"id":218625,"date":"2025-07-01T16:59:08","date_gmt":"2025-07-01T16:59:08","guid":{"rendered":"https:\/\/www.europesays.com\/fr\/218625\/"},"modified":"2025-07-01T16:59:08","modified_gmt":"2025-07-01T16:59:08","slug":"combien-va-couter-lentretien-de-louvrage-pres-de-nantes","status":"publish","type":"post","link":"https:\/\/www.europesays.com\/fr\/218625\/","title":{"rendered":"combien va co\u00fbter l&rsquo;entretien de l&rsquo;ouvrage pr\u00e8s de Nantes\u00a0?"},"content":{"rendered":"<p>            Par<br \/>\n        <strong><br \/>\n            <a href=\"https:\/\/actu.fr\/auteur\/herve-pavageau\" title=\"Consulter tous les articles de Herv\u00e9 Pavageau\" target=\"_blank\" rel=\"noopener\">Herv\u00e9 Pavageau<\/a><br \/>\n        <\/strong><\/p>\n<p>        Publi\u00e9 le<\/p>\n<p>            1 juil. 2025 \u00e0 18h45        <\/p>\n<p>Entretenir et r\u00e9parer les digues de la Loire qui prot\u00e8gent les zones habit\u00e9es des vicissitudes du fleuve co\u00fbtent cher. Tr\u00e8s cher m\u00eame. Pour l\u2019ensemble des ouvrages qui longent la Loire, les besoins <b>en travaux d\u2019investissement<\/b> s\u2019\u00e9l\u00e8vent \u00e0 plus de 300 millions d\u2019euros. Lors de la derni\u00e8re s\u00e9ance communautaire <a href=\"https:\/\/www.cc-sevreloire.fr\/\" target=\"_blank\" rel=\"noopener\">de S\u00e8vre et Loire<\/a>, les \u00e9lus ont d\u00e9termin\u00e9 le montant des chantiers \u00e0 faire \u00e0 l\u2019\u00e9chelle de la <b>digue de la Divatte, longue d\u2019une douzaine de kilom\u00e8tres<\/b>, sur la p\u00e9riode 2025-2028.<\/p>\n<p>Ouvrage \u00ab o\u00f9 il y a le moins de travaux \u00bb<\/p>\n<p class=\" wall-content\">Et les clefs de r\u00e9partition de financement entre les collectivit\u00e9s concern\u00e9es : \u00e0 savoir la communaut\u00e9 de communes de S\u00e8vre et Loire, Nantes M\u00e9tropole et Clisson Agglom\u00e9ration.<\/p>\n<blockquote class=\"ac-article-quote wall-content\">\n<p>La digue de la Divatte est celle o\u00f9 il y a le moins de travaux. L\u2019ouvrage a \u00e9t\u00e9 bien suivi.<\/p>\n<p>Jean-Marc Jounier, vice-pr\u00e9sident de S\u00e8vre et Loire en charge du dossier.<\/p><\/blockquote>\n<p class=\" wall-content\">Le montant de la participation par EPCI se fait \u00e0 partir \u00ab d\u2019un calcul tenant compte du lin\u00e9aire de la digue pr\u00e9sent sur le territoire et de la part de la population prot\u00e9g\u00e9e \u00bb, a rappel\u00e9 le maire <a href=\"https:\/\/actu.fr\/pays-de-la-loire\/mouzillon_44108\" target=\"_blank\" rel=\"noopener\">de Mouzillon<\/a>.<\/p>\n<p class=\" wall-content\">Raisons qui expliquent pourquoi S\u00e8vre et Loire finance pr\u00e8s de 70 % des d\u00e9penses.<\/p>\n<p class=\" wall-content\">Sur la p\u00e9riode 2025-2028, le programme dont la ma\u00eetrise d\u2019ouvrage a \u00e9t\u00e9 confi\u00e9e \u00e0 l\u2019EP Loire, portera sur<b> la poursuite des op\u00e9rations de rejointement des perr\u00e9s<\/b>.<\/p>\n<p class=\" wall-content\">\u00ab Il est aussi pr\u00e9vu une op\u00e9ration de restauration de l\u2019ouvrage hydraulique qui sert d\u2019exutoire aux marais de Goulaine et qui traverse la digue \u00bb, a ajout\u00e9 Jean-Marie Jounier.<\/p>\n<p>Des endroits \u00ab mal-en-point \u00bb<\/p>\n<p class=\" wall-content\">Le co\u00fbt des travaux est estim\u00e9 \u00e0 1 050 000\u00a0\u20ac sur la p\u00e9riode.<\/p>\n<p class=\" wall-content\">S\u00e8vre et Loire va participer \u00e0 hauteur de 717 000\u00a0\u20ac.<\/p>\n<p class=\" wall-content\">Une grande partie de l\u2019enveloppe (640 000\u00a0\u20ac) est consomm\u00e9e par <b>les actions de rejointement de la digue, programme \u00ab le plus important \u00bb<\/b> pour consolider l\u2019ouvrage.<\/p>\n<p class=\" wall-content\">\u00ab L\u2019op\u00e9ration a \u00e9t\u00e9 faite \u00e0 Mauves-sur-Loire et cette ann\u00e9e \u00e0 la Pierre-Perc\u00e9e \u00e0 Divatte-sur-Loire \u00bb, a rappel\u00e9 Jean-Pierre Marchais.<\/p>\n<p class=\" wall-content\">L\u2019\u00e9lu <a href=\"https:\/\/actu.fr\/pays-de-la-loire\/saint-julien-de-concelles_44169\" target=\"_blank\" rel=\"noopener\">de Saint-Julien-de-Concelles<\/a>, fin connaisseur du fleuve, a demand\u00e9 aux \u00e9lus \u00ab d\u2019\u00eatre vigilant \u00bb pour pouvoir identifier les endroits de la digue plus fragiles.<\/p>\n<blockquote class=\"ac-article-quote wall-content\">\n<p>\u00abIl y a des pierres que l\u2019on peut retirer \u00e0 la main. C\u2019est le cas notamment \u00e0 la Chebuette. C\u2019est un secteur de la digue qui est tr\u00e8s mal-en-point. O\u00f9 l\u2019on passe la main \u00e0 travers les cailloux.<\/p>\n<p>Jean-Pierre Marchais, vice-pr\u00e9sident de S\u00e8vre et Loire<\/p><\/blockquote>\n<p class=\" wall-content\">Jean-Marc Jounier a rebondi suite \u00e0 l\u2019intervention, en expliquant que les tours de terrain ont bien \u00e9t\u00e9 r\u00e9alis\u00e9s mais que le programme d\u2019intervention n\u2019a pas encore \u00e9t\u00e9 d\u00e9fini.<\/p>\n<p class=\" wall-content\">\u00ab S\u2019il y a des endroits que vous avez identifi\u00e9s, n\u2019h\u00e9sitez\u00a0pas \u00e0 remonter l\u2019information \u00bb, a indiqu\u00e9 le maire de Mouzillon.<\/p>\n<p class=\" wall-content\">Suivez toute l\u2019actualit\u00e9 de vos villes et m\u00e9dias favoris en vous inscrivant \u00e0 <a href=\"https:\/\/moncompte.actu.fr\" title=\"D\u00e9couvez Mon Actu\" rel=\"nofollow noopener\" data-trk=\"{&quot;cta&quot;:{&quot;action&quot;:&quot;https:\\\/\\\/moncompte.actu.fr&quot;,&quot;category&quot;:&quot;mon compte&quot;,&quot;from&quot;:&quot;article footer&quot;,&quot;name&quot;:&quot;Mon actu&quot;,&quot;type&quot;:&quot;cta&quot;}}\" target=\"_blank\">Mon Actu<\/a>.<\/p>\n","protected":false},"excerpt":{"rendered":"Par Herv\u00e9 Pavageau Publi\u00e9 le 1 juil. 2025 \u00e0 18h45 Entretenir et r\u00e9parer les digues de la Loire&hellip;\n","protected":false},"author":2,"featured_media":218626,"comment_status":"","ping_status":"","sticky":false,"template":"","format":"standard","meta":{"footnotes":""},"categories":[2818],"tags":[1111,11,1777,674,1011,27,3367,766,12,2636,25,104,2086,2900],"class_list":{"0":"post-218625","1":"post","2":"type-post","3":"status-publish","4":"format-standard","5":"has-post-thumbnail","7":"category-nantes","8":"tag-actu","9":"tag-actualites","10":"tag-eu","11":"tag-europe","12":"tag-fr","13":"tag-france","14":"tag-loire","15":"tag-nantes","16":"tag-news","17":"tag-pays-de-la-loire","18":"tag-republique-francaise","19":"tag-societe","20":"tag-travaux","21":"tag-vignoble-nantais"},"share_on_mastodon":{"url":"https:\/\/pubeurope.com\/@fr\/114779047091490103","error":""},"_links":{"self":[{"href":"https:\/\/www.europesays.com\/fr\/wp-json\/wp\/v2\/posts\/218625","targetHints":{"allow":["GET"]}}],"collection":[{"href":"https:\/\/www.europesays.com\/fr\/wp-json\/wp\/v2\/posts"}],"about":[{"href":"https:\/\/www.europesays.com\/fr\/wp-json\/wp\/v2\/types\/post"}],"author":[{"embeddable":true,"href":"https:\/\/www.europesays.com\/fr\/wp-json\/wp\/v2\/users\/2"}],"replies":[{"embeddable":true,"href":"https:\/\/www.europesays.com\/fr\/wp-json\/wp\/v2\/comments?post=218625"}],"version-history":[{"count":0,"href":"https:\/\/www.europesays.com\/fr\/wp-json\/wp\/v2\/posts\/218625\/revisions"}],"wp:featuredmedia":[{"embeddable":true,"href":"https:\/\/www.europesays.com\/fr\/wp-json\/wp\/v2\/media\/218626"}],"wp:attachment":[{"href":"https:\/\/www.europesays.com\/fr\/wp-json\/wp\/v2\/media?parent=218625"}],"wp:term":[{"taxonomy":"category","embeddable":true,"href":"https:\/\/www.europesays.com\/fr\/wp-json\/wp\/v2\/categories?post=218625"},{"taxonomy":"post_tag","embeddable":true,"href":"https:\/\/www.europesays.com\/fr\/wp-json\/wp\/v2\/tags?post=218625"}],"curies":[{"name":"wp","href":"https:\/\/api.w.org\/{rel}","templated":true}]}}