{"id":218627,"date":"2025-07-01T17:00:27","date_gmt":"2025-07-01T17:00:27","guid":{"rendered":"https:\/\/www.europesays.com\/fr\/218627\/"},"modified":"2025-07-01T17:00:27","modified_gmt":"2025-07-01T17:00:27","slug":"fc-nantes-a-lamortissement-combien-nantes-doit-vendre-abline-cet-ete","status":"publish","type":"post","link":"https:\/\/www.europesays.com\/fr\/218627\/","title":{"rendered":"FC Nantes. A l&rsquo;amortissement combien Nantes doit vendre Abline cet \u00e9t\u00e9 ?"},"content":{"rendered":"<p><img fetchpriority=\"high\" decoding=\"async\" width=\"620\" height=\"413\" src=\"https:\/\/www.europesays.com\/fr\/wp-content\/uploads\/2025\/07\/Matthis-Abline-620x413.jpg\" alt=\"FC Nantes. A l'amortissement combien Nantes doit vendre Abline cet \u00e9t\u00e9 ?\" class=\"wp-image-370293\"  \/>Avec Matthis Abline Nantes est gagnant sur tous les sc\u00e9narios.<\/p>\n<p>Matthis Abline est un joueur particuli\u00e8rement convoit\u00e9. Par l\u2019<a href=\"https:\/\/sportune.20minutes.fr\/olympique-de-marseille-om\" target=\"_blank\" rel=\"noopener\">Olympique de Marseille<\/a>, le <a href=\"https:\/\/sportune.20minutes.fr\/losc-lille-losc\" target=\"_blank\" rel=\"noopener\">LOSC Lille<\/a> ou le <a href=\"https:\/\/sportune.20minutes.fr\/paris-fc\" target=\"_blank\" rel=\"noopener\">Paris FC<\/a> en <a href=\"https:\/\/sportune.20minutes.fr\/ligue-1-l1\" target=\"_blank\" rel=\"noopener\">Ligue 1<\/a>, ou le promu <a href=\"https:\/\/sportune.20minutes.fr\/sunderland-afc\" target=\"_blank\" rel=\"noopener\">Sunderland AFC<\/a> de l\u2019autre c\u00f4t\u00e9 de la Manche, l\u2019attaquant de 22 ans, international fran\u00e7ais espoir, est \u00e0 la crois\u00e9e des chemins.<\/p>\n<p>Le FC Nantes a pay\u00e9 10 M\u20ac son recrutement<\/p>\n<p>Il sera tr\u00e8s compliqu\u00e9 pour le <a href=\"https:\/\/sportune.20minutes.fr\/fc-nantes\" target=\"_blank\" rel=\"noopener\">FC Nantes<\/a> de conserver son attaquant recrut\u00e9 de mani\u00e8re d\u00e9finitive l\u2019\u00e9t\u00e9 dernier, apr\u00e8s une premi\u00e8re saison en pr\u00eat du <a href=\"https:\/\/sportune.20minutes.fr\/stade-rennais-srfc\" target=\"_blank\" rel=\"noopener\">Stade Rennais<\/a>. Ce serait une perte sportive pour le club de la Loire, mais une belle r\u00e9ussite au sens strictement financier. Car il est question d\u2019offres avoisinants les 20 millions d\u2019euros, pour un joueur transf\u00e9r\u00e9 \u00e0 la moiti\u00e9 de la somme, le 3 juillet 2024.<\/p>\n<p>Waldemar Kita en voudrait 50 M\u20ac<\/p>\n<p>Sachant qu\u2019apr\u00e8s une saison compl\u00e8te \u00e0 Nantes et dilu\u00e9 sur la longueur du contrat sign\u00e9 par le joueur, soit quatre saisons, Matthis Abline vaut apr\u00e8s amortissement l\u2019\u00e9quivalent de 7,5 millions d\u2019euros. Dans un entretien \u00e0 L\u2019Equipe, Waldemar Kita, le propri\u00e9taire du <a href=\"https:\/\/sportune.20minutes.fr\/fc-nantes\" target=\"_blank\" rel=\"noopener\">FC Nantes<\/a> d\u00e9clarait : \u00ab\u00a0Abline n\u2019ira pas \u00e0 l\u2019OM, sauf s\u2019ils paient une fortune\u00a0\u00bb. Le lendemain, RMC Sport pensait savoir que le patron du club r\u00e9clamerait 50 millions d\u2019euros pour lib\u00e9rer son joueur. Un effet d\u2019annonce plus qu\u2019une r\u00e9alit\u00e9 mercantile, mais c\u2019est aussi une mani\u00e8re de bonifier un joueur qui rapportera gros \u00e0 son club. Qu\u2019il reste ou qu\u2019il s\u2019en aille.<\/p>\n","protected":false},"excerpt":{"rendered":"Avec Matthis Abline Nantes est gagnant sur tous les sc\u00e9narios. Matthis Abline est un joueur particuli\u00e8rement convoit\u00e9. Par&hellip;\n","protected":false},"author":2,"featured_media":218628,"comment_status":"","ping_status":"","sticky":false,"template":"","format":"standard","meta":{"footnotes":""},"categories":[2818],"tags":[1111,11,1777,674,462,1011,27,13295,766,12,2636,25,969],"class_list":{"0":"post-218627","1":"post","2":"type-post","3":"status-publish","4":"format-standard","5":"has-post-thumbnail","7":"category-nantes","8":"tag-actu","9":"tag-actualites","10":"tag-eu","11":"tag-europe","12":"tag-fc-nantes","13":"tag-fr","14":"tag-france","15":"tag-matthis-abline","16":"tag-nantes","17":"tag-news","18":"tag-pays-de-la-loire","19":"tag-republique-francaise","20":"tag-transfert"},"share_on_mastodon":{"url":"https:\/\/pubeurope.com\/@fr\/114779050994226052","error":""},"_links":{"self":[{"href":"https:\/\/www.europesays.com\/fr\/wp-json\/wp\/v2\/posts\/218627","targetHints":{"allow":["GET"]}}],"collection":[{"href":"https:\/\/www.europesays.com\/fr\/wp-json\/wp\/v2\/posts"}],"about":[{"href":"https:\/\/www.europesays.com\/fr\/wp-json\/wp\/v2\/types\/post"}],"author":[{"embeddable":true,"href":"https:\/\/www.europesays.com\/fr\/wp-json\/wp\/v2\/users\/2"}],"replies":[{"embeddable":true,"href":"https:\/\/www.europesays.com\/fr\/wp-json\/wp\/v2\/comments?post=218627"}],"version-history":[{"count":0,"href":"https:\/\/www.europesays.com\/fr\/wp-json\/wp\/v2\/posts\/218627\/revisions"}],"wp:featuredmedia":[{"embeddable":true,"href":"https:\/\/www.europesays.com\/fr\/wp-json\/wp\/v2\/media\/218628"}],"wp:attachment":[{"href":"https:\/\/www.europesays.com\/fr\/wp-json\/wp\/v2\/media?parent=218627"}],"wp:term":[{"taxonomy":"category","embeddable":true,"href":"https:\/\/www.europesays.com\/fr\/wp-json\/wp\/v2\/categories?post=218627"},{"taxonomy":"post_tag","embeddable":true,"href":"https:\/\/www.europesays.com\/fr\/wp-json\/wp\/v2\/tags?post=218627"}],"curies":[{"name":"wp","href":"https:\/\/api.w.org\/{rel}","templated":true}]}}