{"id":218639,"date":"2025-07-01T17:06:11","date_gmt":"2025-07-01T17:06:11","guid":{"rendered":"https:\/\/www.europesays.com\/fr\/218639\/"},"modified":"2025-07-01T17:06:11","modified_gmt":"2025-07-01T17:06:11","slug":"ligue-1-mercato-olivier-giroud-presente-mercredi-par-lille","status":"publish","type":"post","link":"https:\/\/www.europesays.com\/fr\/218639\/","title":{"rendered":"Ligue 1 &#8211; Mercato. Olivier Giroud pr\u00e9sent\u00e9 mercredi par Lille"},"content":{"rendered":"<p>Le LOSC accueille une recrue de taille. Apr\u00e8s avoir r\u00e9sili\u00e9 son contrat avec le Los Angeles FC, l\u2019Is\u00e9rois <a href=\"https:\/\/www.ledauphine.com\/p\/olivier-giroud\" target=\"_blank\" rel=\"noopener\">Olivier Giroud<\/a> sera pr\u00e9sent\u00e9 en conf\u00e9rence de presse mercredi midi au Domaine de Luchin, annonce <a href=\"https:\/\/www.lequipe.fr\/Football\/Actualites\/Mercato-olivier-giroud-sera-presente-mercredi-midi-a-lille\/1574596\" target=\"_blank\" rel=\"noopener\">L\u2019\u00c9quipe<\/a>.<\/p>\n<p>Le meilleur buteur de l\u2019histoire de l\u2019\u00e9quipe de France (57 buts en 137 s\u00e9lections) <a href=\"https:\/\/www.ledauphine.com\/sport\/2025\/06\/30\/le-losc-a-coche-beaucoup-de-cases-pour-moi-et-pour-ma-famille-olivier-giroud-explique-son-choix-de-revenir-en-france\" target=\"_blank\" rel=\"noopener\">renforce l\u2019attaque du club nordiste<\/a> avec son exp\u00e9rience, lui qui a remport\u00e9 la Ligue 1 en 2012 avec Montpellier \u2013 il avait aussi termin\u00e9 meilleur buteur avec 21 r\u00e9alisations. Le natif de Chamb\u00e9ry retrouve l\u2019Europe apr\u00e8s une exp\u00e9rience difficile en MLS aux \u00c9tats-Unis (5 buts en 37 matchs).<\/p>\n<p>Les Dogues pr\u00e9senteront aussi deux autres signatures\u00a0: le Norv\u00e9gien Marius Broholm et du Belge Arnaud Bodart. Gr\u00e2ce \u00e0 sa 5e place en Ligue 1, le LOSC \u00e9voluera en Ligue Europa la saison prochaine.<\/p>\n","protected":false},"excerpt":{"rendered":"Le LOSC accueille une recrue de taille. Apr\u00e8s avoir r\u00e9sili\u00e9 son contrat avec le Los Angeles FC, l\u2019Is\u00e9rois&hellip;\n","protected":false},"author":2,"featured_media":218640,"comment_status":"","ping_status":"","sticky":false,"template":"","format":"standard","meta":{"footnotes":""},"categories":[2815],"tags":[1111,11,5509,113,1777,674,1701,63,1011,27,35789,12637,811,7020,1307,23100,12,25,517],"class_list":{"0":"post-218639","1":"post","2":"type-post","3":"status-publish","4":"format-standard","5":"has-post-thumbnail","7":"category-lille","8":"tag-actu","9":"tag-actualites","10":"tag-chambery","11":"tag-edition-gresivaudan-oisans","12":"tag-eu","13":"tag-europe","14":"tag-fil-info-sport","15":"tag-football","16":"tag-fr","17":"tag-france","18":"tag-froges","19":"tag-gf38-grenoble-foot-38","20":"tag-hauts-de-france","21":"tag-ligue-1-football","22":"tag-lille","23":"tag-mercato-football","24":"tag-news","25":"tag-republique-francaise","26":"tag-sport"},"share_on_mastodon":{"url":"https:\/\/pubeurope.com\/@fr\/114779074374418966","error":""},"_links":{"self":[{"href":"https:\/\/www.europesays.com\/fr\/wp-json\/wp\/v2\/posts\/218639","targetHints":{"allow":["GET"]}}],"collection":[{"href":"https:\/\/www.europesays.com\/fr\/wp-json\/wp\/v2\/posts"}],"about":[{"href":"https:\/\/www.europesays.com\/fr\/wp-json\/wp\/v2\/types\/post"}],"author":[{"embeddable":true,"href":"https:\/\/www.europesays.com\/fr\/wp-json\/wp\/v2\/users\/2"}],"replies":[{"embeddable":true,"href":"https:\/\/www.europesays.com\/fr\/wp-json\/wp\/v2\/comments?post=218639"}],"version-history":[{"count":0,"href":"https:\/\/www.europesays.com\/fr\/wp-json\/wp\/v2\/posts\/218639\/revisions"}],"wp:featuredmedia":[{"embeddable":true,"href":"https:\/\/www.europesays.com\/fr\/wp-json\/wp\/v2\/media\/218640"}],"wp:attachment":[{"href":"https:\/\/www.europesays.com\/fr\/wp-json\/wp\/v2\/media?parent=218639"}],"wp:term":[{"taxonomy":"category","embeddable":true,"href":"https:\/\/www.europesays.com\/fr\/wp-json\/wp\/v2\/categories?post=218639"},{"taxonomy":"post_tag","embeddable":true,"href":"https:\/\/www.europesays.com\/fr\/wp-json\/wp\/v2\/tags?post=218639"}],"curies":[{"name":"wp","href":"https:\/\/api.w.org\/{rel}","templated":true}]}}