{"id":218645,"date":"2025-07-01T17:09:14","date_gmt":"2025-07-01T17:09:14","guid":{"rendered":"https:\/\/www.europesays.com\/fr\/218645\/"},"modified":"2025-07-01T17:09:14","modified_gmt":"2025-07-01T17:09:14","slug":"lyon-frauder-les-tcl-devient-plus-difficile-un-nouveau-plan-ambitieux-devoile","status":"publish","type":"post","link":"https:\/\/www.europesays.com\/fr\/218645\/","title":{"rendered":"Lyon. Frauder les TCL devient plus difficile, un nouveau plan \u00ab\u00a0ambitieux\u00a0\u00bb d\u00e9voil\u00e9"},"content":{"rendered":"<p>            Par<br \/>\n        <strong><br \/>\n            <a href=\"https:\/\/actu.fr\/auteur\/theo-zuili\" title=\"Consulter tous les articles de Th\u00e9o Zuili\" target=\"_blank\" rel=\"noopener\">Th\u00e9o Zuili<\/a><br \/>\n        <\/strong><\/p>\n<p>        Publi\u00e9 le<\/p>\n<p>            1 juil. 2025 \u00e0 18h20        <\/p>\n<p>Co\u00fbt de la fraude estim\u00e9 \u00e0 <strong>35 millions d\u2019euros par an<\/strong>, explosion des vols \u00e0 la tire, \u00ab\u00a0sentiment d\u2019impunit\u00e9\u00a0\u00bb : le Sytral mobilise tous les acteurs pour emp\u00eacher la fraude et renforcer la s\u00e9curit\u00e9 dans les transports de <a href=\"https:\/\/actu.fr\/auvergne-rhone-alpes\/lyon_69123\" target=\"_blank\" rel=\"noopener\">Lyon<\/a>.<br \/>Apr\u00e8s <a href=\"https:\/\/actu.fr\/auvergne-rhone-alpes\/lyon_69123\/tcl-a-lyon-fin-du-ticket-rouge-billet-rechargeable-les-trois-dates-a-connaitre_60604688.html\" target=\"_blank\" rel=\"noopener\">la fin des tickets rouges<\/a>, le pr\u00e9sident du Sytral Bruno Bernard <a href=\"https:\/\/actu.fr\/auvergne-rhone-alpes\/lyon_69123\/lyon-alerte-rouge-a-la-fraude-sur-le-reseau-tcl-va-sevir-avec-de-nouvelles-mesures_62728378.html\" target=\"_blank\" rel=\"noopener\">d\u00e9voile un large plan<\/a> ce mardi 1\u1d49\u02b3 juillet 2025 pour lutter contre la fraude dans les <a href=\"https:\/\/actu.fr\/tag\/transports-en-commun-lyonnais-tcl\" target=\"_blank\" rel=\"noopener\">TCL<\/a>.<\/p>\n<p>La fraude bient\u00f4t rendue plus difficile<\/p>\n<p class=\" wall-content\">La fraude <a href=\"https:\/\/actu.fr\/auvergne-rhone-alpes\/lyon_69123\/tcl-a-lyon-frauder-s-annonce-plus-complique-en-2025-voici-pourquoi_62093342.html\" target=\"_blank\" rel=\"noopener\">ne cesse d\u2019augmenter dans les TCL<\/a> depuis 2019, constatent les services du Sytral. Estim\u00e9e \u00e0 11,7 % cette ann\u00e9e-l\u00e0, elle atteint 13,8 % en 2024. Soit un <strong>co\u00fbt de 35 millions d\u2019euros<\/strong> par an, selon la Chambre r\u00e9gionale des comptes. Une somme probablement surestim\u00e9e, juge Bruno Bernard, mais un manque \u00e0 gagner \u00ab\u00a0\u00e0 ne pas n\u00e9gliger\u00a0\u00bb.<\/p>\n<p class=\" wall-content\">Le pr\u00e9sident de la M\u00e9tropole de Lyon, <a href=\"https:\/\/actu.fr\/tag\/bruno-bernard\" target=\"_blank\" rel=\"noopener\">Bruno Bernard<\/a>, indique que <strong>29 millions d\u2019euros sont investis par an<\/strong> dans les dispositifs de s\u00e9curit\u00e9 et de contr\u00f4le. L\u2019objectif affich\u00e9 est clair : compliquer la vie des fraudeurs et faciliter celle des usagers en r\u00e8gle pour passer sous la barre des 10 % de fraude d\u2019ici 2030.<\/p>\n<p>Hausse du prix des amendes, contr\u00f4les, agents en civil\u2026<\/p>\n<p class=\" wall-content\">Pour y parvenir, le \u00ab\u00a0plan d\u2019actions anti-fraude de 2025-2030\u00a0\u00bb pr\u00e9voit des moyens renforc\u00e9s sur le terrain et compte continuer de mettre \u00e0 profit les 10 600 cam\u00e9ras et 100 agents de s\u00e9curit\u00e9 priv\u00e9e d\u00e9j\u00e0 pr\u00e9sents sur le r\u00e9seau.<\/p>\n<ul class=\" wall-content\">\n<li>Passer de 250 agents de contr\u00f4le \u00e0 350 d\u2019ici 2028,<\/li>\n<li>Passer \u00e0 22 000 contr\u00f4les par jour d\u2019ici 2026 puis 30 000 en 2030,<\/li>\n<li>Multiplier les <strong>contr\u00f4les d\u2019agents en civil<\/strong> \u00ab\u00a0avec un objectif d\u2019un million annuels d\u2019ici 2030\u00a0\u00bb,<\/li>\n<li>D\u00e9ploiement de \u00ab\u00a0dispositifs d\u2019informations\u00a0\u00bb pour aider les ayant-droits \u00e0 b\u00e9n\u00e9ficier des tarifs r\u00e9duits (avec une \u00e9tude en 2026 visant \u00e0 automatiser ce processus),<\/li>\n<li>Augmentation du co\u00fbt des amendes pour passer <strong>de 60 \u00e0 70\u20ac<\/strong> (et 120\u20ac en cas de paiement diff\u00e9r\u00e9 sous trois mois),<\/li>\n<li>D\u00e9ploiement de <strong>valideurs suppl\u00e9mentaires<\/strong> \u00ab\u00a0\u00e0 chaque porte de tram\u00a0\u00bb et m\u00eame \u00e0 quai dans les stations les plus fr\u00e9quent\u00e9es,<\/li>\n<\/ul>\n<p>Fini les mensonges<\/p>\n<p class=\" wall-content\">\u00c0 cela s\u2019ajoute un volet judiciaire : le Sytral compte bien mettre en \u0153uvre le nouveau dispositif <a href=\"https:\/\/actu.fr\/ile-de-france\/paris_75056\/ratp-en-ile-de-france-cet-outil-va-empecher-les-fraudeurs-de-mentir-sur-leur-adresse-pour-eviter-les-amendes_62028300.html\" target=\"_blank\" rel=\"noopener\">\u00ab Stop fraude\u00a0\u00bb<\/a>, appliqu\u00e9 en 2026.<\/p>\n<p class=\" wall-content\">Qui oblige les contrevenants de pr\u00e9senter une pi\u00e8ce d\u2019identit\u00e9 (avec acc\u00e8s \u00e0 l\u2019\u00e9tat civil en cas de refus) et <strong>v\u00e9rification automatique de l\u2019adresse\u2026<\/strong> Il sera rendu impossible de s\u2019inventer une identit\u00e9 pour frauder en impunit\u00e9.<\/p>\n<p>Une r\u00e9duction de la d\u00e9linquance<\/p>\n<p class=\" wall-content\">C\u2019est justement ce \u00ab\u00a0sentiment d\u2019impunit\u00e9\u00a0\u00bb chez les fraudeurs que veut combattre Antoine Gu\u00e9rin, <a href=\"https:\/\/actu.fr\/tag\/prefecture-du-rhone\" target=\"_blank\" rel=\"noopener\">pr\u00e9fet d\u00e9l\u00e9gu\u00e9 pour la d\u00e9fense et la s\u00e9curit\u00e9 du Rh\u00f4ne<\/a>, pour qui la fraude n\u2019est pas anodine. Selon les services de l\u2019\u00c9tat, elle peut aller <strong>de pair avec des faits de d\u00e9linquance<\/strong> : infractions sexuelles, jets de projectiles, violences sur les agents\u2026<\/p>\n<p class=\" wall-content\">\u00ab\u00a0C\u2019est<strong> un enjeu d\u2019exemple<\/strong> pour tous ceux qui paient leur titre de transport et sont exc\u00e9d\u00e9s de voir des fraudeurs\u00a0\u00bb, abonde Bruno Bernard.<\/p>\n<p class=\" wall-content\">Si l\u2019\u00c9tat et le Sytral constatent tous deux \u00ab\u00a0une baisse de la d\u00e9linquance\u00a0\u00bb dans les TCL avec une <a href=\"https:\/\/actu.fr\/auvergne-rhone-alpes\/lyon_69123\/lyon-securite-dans-les-tcl-il-ment-un-maire-de-la-metropole-attaque-bruno-bernard_61629889.html\" target=\"_blank\" rel=\"noopener\">baisse des coups et blessures continue depuis 2022<\/a>, une recrudescence des vols \u00e0 la tire est identifi\u00e9e comme un r\u00e9el probl\u00e8me.<\/p>\n<p>Un plan \u00ab\u00a0ambitieux\u00a0\u00bb<\/p>\n<p class=\" wall-content\">Bruno Bernard \u00e9voque un \u00ab\u00a0r\u00e9seau de pickpocket nomade d\u00e9velopp\u00e9 des pays de l\u2019Est\u00a0\u00bb s\u00e9vissant dans les transports de Lyon. Une cible fonctionnant \u00ab\u00a0avec des filles mineures contr\u00f4l\u00e9es \u00e0 quelques m\u00e8tres par des majeurs\u00a0\u00bb, rendant les suites en justice difficiles apr\u00e8s d\u00e9p\u00f4t de plainte.<\/p>\n<p class=\" wall-content\">\u00ab\u00a0\u00c7a prend du temps, mais on va y parvenir\u00a0\u00bb, promet l\u2019\u00e9lu, tandis que le sous-pr\u00e9fet acquiesce, offrant <strong>son soutien<\/strong>\u00a0\u00e0 ce plan jug\u00e9 \u00ab\u00a0ambitieux, clair et coh\u00e9rent\u00a0\u00bb et f\u00e9licitant \u00ab\u00a0une coordination \u00e9troite\u00a0\u00bb pour \u00ab\u00a0r\u00e9tablir la s\u00e9curit\u00e9 du quotidien\u00a0\u00bb.<\/p>\n<p class=\" wall-content\">Les services de l\u2019\u00c9tat dans le Rh\u00f4ne indiquent investir <strong>+25 % de patrouilles<\/strong> dans les TCL depuis 2024, et compte 397 interpellations sur le r\u00e9seau TCL gr\u00e2ce aux actions coordonn\u00e9es des brigades sp\u00e9cialis\u00e9es de la police nationale, de la gendarmerie et des forces locales.<\/p>\n<p class=\" wall-content\">Suivez toute l\u2019actualit\u00e9 de vos villes et m\u00e9dias favoris en vous inscrivant \u00e0 <a href=\"https:\/\/moncompte.actu.fr\" title=\"D\u00e9couvez Mon Actu\" rel=\"nofollow noopener\" data-trk=\"{&quot;cta&quot;:{&quot;action&quot;:&quot;https:\\\/\\\/moncompte.actu.fr&quot;,&quot;category&quot;:&quot;mon compte&quot;,&quot;from&quot;:&quot;article footer&quot;,&quot;name&quot;:&quot;Mon actu&quot;,&quot;type&quot;:&quot;cta&quot;}}\" target=\"_blank\">Mon Actu<\/a>.<\/p>\n","protected":false},"excerpt":{"rendered":"Par Th\u00e9o Zuili Publi\u00e9 le 1 juil. 2025 \u00e0 18h20 Co\u00fbt de la fraude estim\u00e9 \u00e0 35 millions&hellip;\n","protected":false},"author":2,"featured_media":218646,"comment_status":"","ping_status":"","sticky":false,"template":"","format":"standard","meta":{"footnotes":""},"categories":[1889],"tags":[1111,11,2430,5921,1777,674,1011,27,1006,2428,12,25,104,5787],"class_list":{"0":"post-218645","1":"post","2":"type-post","3":"status-publish","4":"format-standard","5":"has-post-thumbnail","7":"category-lyon","8":"tag-actu","9":"tag-actualites","10":"tag-auvergne-rhone-alpes","11":"tag-bruno-bernard","12":"tag-eu","13":"tag-europe","14":"tag-fr","15":"tag-france","16":"tag-fraude","17":"tag-lyon","18":"tag-news","19":"tag-republique-francaise","20":"tag-societe","21":"tag-transports-en-commun-lyonnais-tcl"},"share_on_mastodon":{"url":"https:\/\/pubeurope.com\/@fr\/114779086339520799","error":""},"_links":{"self":[{"href":"https:\/\/www.europesays.com\/fr\/wp-json\/wp\/v2\/posts\/218645","targetHints":{"allow":["GET"]}}],"collection":[{"href":"https:\/\/www.europesays.com\/fr\/wp-json\/wp\/v2\/posts"}],"about":[{"href":"https:\/\/www.europesays.com\/fr\/wp-json\/wp\/v2\/types\/post"}],"author":[{"embeddable":true,"href":"https:\/\/www.europesays.com\/fr\/wp-json\/wp\/v2\/users\/2"}],"replies":[{"embeddable":true,"href":"https:\/\/www.europesays.com\/fr\/wp-json\/wp\/v2\/comments?post=218645"}],"version-history":[{"count":0,"href":"https:\/\/www.europesays.com\/fr\/wp-json\/wp\/v2\/posts\/218645\/revisions"}],"wp:featuredmedia":[{"embeddable":true,"href":"https:\/\/www.europesays.com\/fr\/wp-json\/wp\/v2\/media\/218646"}],"wp:attachment":[{"href":"https:\/\/www.europesays.com\/fr\/wp-json\/wp\/v2\/media?parent=218645"}],"wp:term":[{"taxonomy":"category","embeddable":true,"href":"https:\/\/www.europesays.com\/fr\/wp-json\/wp\/v2\/categories?post=218645"},{"taxonomy":"post_tag","embeddable":true,"href":"https:\/\/www.europesays.com\/fr\/wp-json\/wp\/v2\/tags?post=218645"}],"curies":[{"name":"wp","href":"https:\/\/api.w.org\/{rel}","templated":true}]}}