{"id":218651,"date":"2025-07-01T17:12:18","date_gmt":"2025-07-01T17:12:18","guid":{"rendered":"https:\/\/www.europesays.com\/fr\/218651\/"},"modified":"2025-07-01T17:12:18","modified_gmt":"2025-07-01T17:12:18","slug":"ile-de-france-le-cinemo-une-salle-de-cinema-gratuite-et-modulable-de-72-places-va-sillonner-les-villages","status":"publish","type":"post","link":"https:\/\/www.europesays.com\/fr\/218651\/","title":{"rendered":"\u00cele-de-France\u00a0: le Cin\u00e9Mo, une salle de cin\u00e9ma gratuite et modulable de 72 places, va sillonner les villages"},"content":{"rendered":"<p class=\"paragraph text_align_left lp-f-body-02\">Il \u00e9tait en fin de semaine derni\u00e8re \u00e0 Guerville (Yvelines) et sera d\u00e8s ce jeudi \u00e0 <a href=\"https:\/\/www.leparisien.fr\/val-d-oise-95\/bray-et-lu-95710\/\" target=\"_self\" rel=\"nofollow noopener\">Bray-et-L\u00fb<\/a> (Val-d\u2019Oise). Mais en attendant, il est ce mardi et ce mercredi, sur la place de <a href=\"https:\/\/www.leparisien.fr\/seine-et-marne-77\/saacy-sur-marne-77730\/\" target=\"_self\" rel=\"nofollow noopener\">Sa\u00e2cy-sur-Marne<\/a> (Seine-et-Marne). Inaugur\u00e9 en mai \u00e0 l\u2019occasion du Festival de Cannes, le Cin\u00e9Mo \u2014 pour cin\u00e9ma mobile, des fondations Canal + et Art Explora, qui a d\u00e9j\u00e0 cr\u00e9\u00e9 le MuMo, mus\u00e9e mobile \u2014, s\u2019est lanc\u00e9 sur les routes de France pour apporter le 7e Art \u00e0 tous les publics, \u00e0 commencer par les territoires ruraux. Sa raison d\u2019\u00eatre.<\/p>\n<p class=\"paragraph text_align_left lp-f-body-02\">Sa\u00e2cy-sur-Marne est donc la deuxi\u00e8me \u00e9tape de la tourn\u00e9e francilienne qui doit durer tout l\u2019\u00e9t\u00e9 et se terminer le 11 octobre, \u00e0 Dammartin-en-Go\u00eble (Seine-et-Marne). Et c\u2019est gr\u00e2ce \u00e0 \u00c9ric Haz\u00e9, l\u2019un des adjoints \u00e0 la maire de la commune, qu\u2019il est l\u00e0.<\/p>\n","protected":false},"excerpt":{"rendered":"Il \u00e9tait en fin de semaine derni\u00e8re \u00e0 Guerville (Yvelines) et sera d\u00e8s ce jeudi \u00e0 Bray-et-L\u00fb (Val-d\u2019Oise).&hellip;\n","protected":false},"author":2,"featured_media":218652,"comment_status":"","ping_status":"","sticky":false,"template":"","format":"standard","meta":{"footnotes":""},"categories":[1592],"tags":[1111,11,872,1777,674,1011,27,662,1944,12,626,25,1937],"class_list":{"0":"post-218651","1":"post","2":"type-post","3":"status-publish","4":"format-standard","5":"has-post-thumbnail","7":"category-ile-de-france","8":"tag-actu","9":"tag-actualites","10":"tag-culture-et-loisirs","11":"tag-eu","12":"tag-europe","13":"tag-fr","14":"tag-france","15":"tag-ile-de-france","16":"tag-ma-ville","17":"tag-news","18":"tag-paris","19":"tag-republique-francaise","20":"tag-seine-et-marne"},"share_on_mastodon":{"url":"https:\/\/pubeurope.com\/@fr\/114779098043177915","error":""},"_links":{"self":[{"href":"https:\/\/www.europesays.com\/fr\/wp-json\/wp\/v2\/posts\/218651","targetHints":{"allow":["GET"]}}],"collection":[{"href":"https:\/\/www.europesays.com\/fr\/wp-json\/wp\/v2\/posts"}],"about":[{"href":"https:\/\/www.europesays.com\/fr\/wp-json\/wp\/v2\/types\/post"}],"author":[{"embeddable":true,"href":"https:\/\/www.europesays.com\/fr\/wp-json\/wp\/v2\/users\/2"}],"replies":[{"embeddable":true,"href":"https:\/\/www.europesays.com\/fr\/wp-json\/wp\/v2\/comments?post=218651"}],"version-history":[{"count":0,"href":"https:\/\/www.europesays.com\/fr\/wp-json\/wp\/v2\/posts\/218651\/revisions"}],"wp:featuredmedia":[{"embeddable":true,"href":"https:\/\/www.europesays.com\/fr\/wp-json\/wp\/v2\/media\/218652"}],"wp:attachment":[{"href":"https:\/\/www.europesays.com\/fr\/wp-json\/wp\/v2\/media?parent=218651"}],"wp:term":[{"taxonomy":"category","embeddable":true,"href":"https:\/\/www.europesays.com\/fr\/wp-json\/wp\/v2\/categories?post=218651"},{"taxonomy":"post_tag","embeddable":true,"href":"https:\/\/www.europesays.com\/fr\/wp-json\/wp\/v2\/tags?post=218651"}],"curies":[{"name":"wp","href":"https:\/\/api.w.org\/{rel}","templated":true}]}}