{"id":218662,"date":"2025-07-01T17:18:11","date_gmt":"2025-07-01T17:18:11","guid":{"rendered":"https:\/\/www.europesays.com\/fr\/218662\/"},"modified":"2025-07-01T17:18:11","modified_gmt":"2025-07-01T17:18:11","slug":"guerre-en-ukraine-iran-ce-que-se-sont-dits-emmanuel-macron-et-vladimir-poutine-au-telephone","status":"publish","type":"post","link":"https:\/\/www.europesays.com\/fr\/218662\/","title":{"rendered":"Guerre en Ukraine, Iran\u2026 Ce que se sont dits Emmanuel Macron et Vladimir Poutine au t\u00e9l\u00e9phone"},"content":{"rendered":"<p class=\"article-p mdl\">Une premi\u00e8re depuis trois ans. Emmanuel Macron s&rsquo;est entretenu ce mardi 1er juillet avec Vladimir Poutine au cours d&rsquo;un \u00e9change t\u00e9l\u00e9phonique de plus de deux heures. Le pr\u00e9sident de la R\u00e9publique et le pr\u00e9sident de la F\u00e9d\u00e9ration de Russie ont abord\u00e9 le programme nucl\u00e9aire iranien et le conflit en Ukraine.<\/p>\n<p class=\"article-p mdl\">\u00ab\u00a0S\u2019agissant de l\u2019Iran, le pr\u00e9sident de la R\u00e9publique a rappel\u00e9 les responsabilit\u00e9s des membres permanents du Conseil de S\u00e9curit\u00e9 des Nations unies, et donc de la France et de la Russie sur la question nucl\u00e9aire\u00a0\u00bb, rapporte l&rsquo;\u00c9lys\u00e9e dans un communiqu\u00e9. Emmanuel Macron \u00ab\u00a0a insist\u00e9 sur l\u2019urgence que l\u2019Iran se conforme \u00e0 ses obligations au titre du TNP, et notamment \u00e0 la pleine coop\u00e9ration avec l\u2019Agence Internationale de l\u2019Energie Atomique (AIEA), dont les inspecteurs doivent pouvoir reprendre leur travail sans d\u00e9lai. Il a dit sa d\u00e9termination \u00e0 <strong>rechercher une solution diplomatique qui permette un r\u00e8glement durable et exigeant du dossier nucl\u00e9aire<\/strong>, de la question des missiles de l\u2019Iran et de son r\u00f4le dans la r\u00e9gion\u00a0\u00bb.\u00a0<\/p>\n<p class=\"article-p mdl\">Les deux chefs d&rsquo;\u00c9tat se sont mis d&rsquo;accord pour coordonner leurs d\u00e9marches en ce sens et pour se parler \u00ab\u00a0prochainement\u00a0\u00bb afin de faire le suivi ensemble sur ce sujet.<\/p>\n<p>            Paris insiste pour un cessez-le-feu en Ukraine<\/p>\n<p class=\"article-p mdl\">\u00ab\u00a0S\u2019agissant de l\u2019Ukraine, le Pr\u00e9sident de la R\u00e9publique a soulign\u00e9 le soutien ind\u00e9fectible de la France \u00e0 la souverainet\u00e9 et \u00e0 l\u2019int\u00e9grit\u00e9 territoriale de l\u2019Ukraine\u00a0\u00bb, poursuit le palais pr\u00e9sidentiel dans son communiqu\u00e9. \u00ab\u00a0Il a appel\u00e9 \u00e0 <strong>l\u2019\u00e9tablissement, dans les meilleurs d\u00e9lais, d\u2019un cessez-le-feu<\/strong> et au lancement de n\u00e9gociations entre l\u2019Ukraine et la Russie pour un r\u00e8glement solide et durable du conflit. Les deux pr\u00e9sidents continueront d\u2019\u00e9changer \u00e9galement sur ce point\u00a0\u00bb.<\/p>\n<p>    La r\u00e9daction vous recommande<\/p>\n<p class=\"s-newsletter__title\">\n                L\u2019actualit\u00e9 par la r\u00e9daction de RTL dans votre bo\u00eete mail.\n            <\/p>\n<p class=\"s-newsletter__subtitle\">\n                Gr\u00e2ce \u00e0 votre compte RTL abonnez-vous \u00e0 la newsletter RTL info pour suivre toute l&rsquo;actualit\u00e9 au quotidien\n            <\/p>\n<p>\n                                    Lire la suite\n                                <\/p>\n","protected":false},"excerpt":{"rendered":"Une premi\u00e8re depuis trois ans. Emmanuel Macron s&rsquo;est entretenu ce mardi 1er juillet avec Vladimir Poutine au cours&hellip;\n","protected":false},"author":2,"featured_media":218663,"comment_status":"","ping_status":"","sticky":false,"template":"","format":"standard","meta":{"footnotes":""},"categories":[1590],"tags":[11,312,1073,1777,674,107,131,3019,12,132,220,135],"class_list":{"0":"post-218662","1":"post","2":"type-post","3":"status-publish","4":"format-standard","5":"has-post-thumbnail","7":"category-ukraine","8":"tag-actualites","9":"tag-diplomatie","10":"tag-emmanuel-macron","11":"tag-eu","12":"tag-europe","13":"tag-fil-info","14":"tag-guerre-en-ukraine","15":"tag-iran","16":"tag-news","17":"tag-russie","18":"tag-ukraine","19":"tag-vladimir-poutine"},"share_on_mastodon":{"url":"https:\/\/pubeurope.com\/@fr\/114779121754915985","error":""},"_links":{"self":[{"href":"https:\/\/www.europesays.com\/fr\/wp-json\/wp\/v2\/posts\/218662","targetHints":{"allow":["GET"]}}],"collection":[{"href":"https:\/\/www.europesays.com\/fr\/wp-json\/wp\/v2\/posts"}],"about":[{"href":"https:\/\/www.europesays.com\/fr\/wp-json\/wp\/v2\/types\/post"}],"author":[{"embeddable":true,"href":"https:\/\/www.europesays.com\/fr\/wp-json\/wp\/v2\/users\/2"}],"replies":[{"embeddable":true,"href":"https:\/\/www.europesays.com\/fr\/wp-json\/wp\/v2\/comments?post=218662"}],"version-history":[{"count":0,"href":"https:\/\/www.europesays.com\/fr\/wp-json\/wp\/v2\/posts\/218662\/revisions"}],"wp:featuredmedia":[{"embeddable":true,"href":"https:\/\/www.europesays.com\/fr\/wp-json\/wp\/v2\/media\/218663"}],"wp:attachment":[{"href":"https:\/\/www.europesays.com\/fr\/wp-json\/wp\/v2\/media?parent=218662"}],"wp:term":[{"taxonomy":"category","embeddable":true,"href":"https:\/\/www.europesays.com\/fr\/wp-json\/wp\/v2\/categories?post=218662"},{"taxonomy":"post_tag","embeddable":true,"href":"https:\/\/www.europesays.com\/fr\/wp-json\/wp\/v2\/tags?post=218662"}],"curies":[{"name":"wp","href":"https:\/\/api.w.org\/{rel}","templated":true}]}}