{"id":218668,"date":"2025-07-01T17:21:09","date_gmt":"2025-07-01T17:21:09","guid":{"rendered":"https:\/\/www.europesays.com\/fr\/218668\/"},"modified":"2025-07-01T17:21:09","modified_gmt":"2025-07-01T17:21:09","slug":"berlin-convoque-lambassadeur-iranien-apres-larrestation-dun-espion-presume","status":"publish","type":"post","link":"https:\/\/www.europesays.com\/fr\/218668\/","title":{"rendered":"Berlin convoque l&rsquo;ambassadeur iranien apr\u00e8s l&rsquo;arrestation d&rsquo;un espion pr\u00e9sum\u00e9"},"content":{"rendered":"<p>Le suspect, arr\u00eat\u00e9 jeudi, avait \u00abre\u00e7u l\u2019ordre d\u2019un service de renseignement iranien de recueillir \u00e0 Berlin des informations sur des lieux juifs et certaines personnes juives\u00bb, qui auraient servi \u00e0 pr\u00e9parer d\u2019autres op\u00e9rations \u00abpouvant aller jusqu\u2019\u00e0 des attentats\u00bb, a annonc\u00e9 le parquet f\u00e9d\u00e9ral allemand mardi.<\/p>\n<p class=\"fig-paragraph\">L&rsquo;<a href=\"https:\/\/www.lefigaro.fr\/tag\/allemagne\" target=\"_blank\" rel=\"noopener\" data-gtm-custom-categorie=\"navigation\" data-gtm-custom-action=\"crossclick\" data-gtm-custom-label=\"Contextuel\" data-gtm-event=\"customEventSPE\">Allemagne<\/a>\u00a0a convoqu\u00e9 mardi 1er juillet l&rsquo;ambassadeur iranien apr\u00e8s l&rsquo;<a href=\"http:\/\/www.lefigaro.fr\/international\/allemagne-un-homme-soupconne-d-espionnage-de-cibles-juives-pour-le-compte-de-l-iran-arrete-20250701\" target=\"_blank\" data-fig-type=\"NewsFlash\" rel=\"noopener\" data-gtm-custom-categorie=\"navigation\" data-gtm-custom-action=\"crossclick\" data-gtm-custom-label=\"Contextuel\" data-gtm-event=\"customEventSPE\" data-fig-domain=\"LEFIGARO\">arrestation d&rsquo;un homme soup\u00e7onn\u00e9 d&rsquo;espionnage pour le compte de T\u00e9h\u00e9ran avec comme cibles des organisations et des personnes juives<\/a>, a annonc\u00e9 le minist\u00e8re allemand des Affaires \u00e9trang\u00e8res. \u00abNous ne tol\u00e9rons aucune menace contre les juifs en Allemagne. Les soup\u00e7ons qui p\u00e8sent sur un homme (arr\u00eat\u00e9 au Danemark, ndlr) soup\u00e7onn\u00e9 d&rsquo;\u00eatre un agent de l&rsquo;Iran, doivent \u00eatre totalement \u00e9claircis\u00bb, \u00e9crit le minist\u00e8re sur X.<\/p>\n<p class=\"fig-paragraph\">\u00abSi ces soup\u00e7ons devaient \u00eatre confirm\u00e9s, il s&rsquo;agirait d&rsquo;un \u00e9v\u00e9nement monstrueux qui illustrerait une fois de plus que l&rsquo;Iran est un danger pour les juifs partout dans le monde\u00bb, a d\u00e9clar\u00e9 le chef de la diplomatie allemande, Johann Wadephul, en visite \u00e0 Odessa, en Ukraine.<\/p>\n<p>De probables \u00abattentats\u00bb en pr\u00e9paration<\/p>\n<p class=\"fig-paragraph\">Le suspect, arr\u00eat\u00e9 jeudi dernier, avait \u00abre\u00e7u l&rsquo;ordre d&rsquo;un service de renseignement iranien de recueillir \u00e0 Berlin des informations sur des lieux juifs et certaines personnes juives\u00bb, qui auraient servi \u00e0 pr\u00e9parer d&rsquo;autres op\u00e9rations \u00abpouvant aller jusqu&rsquo;\u00e0 des attentats\u00bb, a annonc\u00e9 le parquet f\u00e9d\u00e9ral allemand mardi.<\/p>\n<p class=\"fig-paragraph\">L&rsquo;homme a espionn\u00e9 trois propri\u00e9t\u00e9s en juin, \u00abprobablement dans le but de pr\u00e9parer d&rsquo;autres activit\u00e9s de renseignement en Allemagne, incluant probablement des attentats terroristes contre des cibles juives\u00bb, selon la m\u00eame source.<\/p>\n<p class=\"fig-paragraph\">Identifi\u00e9 sous le nom de Ali S., le suspect de nationalit\u00e9 danoise a \u00e9t\u00e9 arr\u00eat\u00e9 \u00e0 Aarhus, cit\u00e9 portuaire dans l&rsquo;est du Danemark, sur mandat d&rsquo;arr\u00eat d\u00e9livr\u00e9 par la justice allemande, qui a demand\u00e9 son extradition.<\/p>\n<p>Gardiens de la R\u00e9volution<\/p>\n<p class=\"fig-paragraph\">D&rsquo;apr\u00e8s le m\u00e9dia allemand Der Spiegel, l&rsquo;espion pr\u00e9sum\u00e9, d&rsquo;origine afghane, aurait notamment photographi\u00e9 des b\u00e2timents, dont le si\u00e8ge de la Soci\u00e9t\u00e9 germano-isra\u00e9lienne, pour le compte de la Force Al-Qods, une unit\u00e9 d&rsquo;\u00e9lite des Gardiens de la R\u00e9volution en Iran.<\/p>\n<p class=\"fig-paragraph\">L&rsquo;Allemagne est en \u00e9tat d&rsquo;alerte maximale face \u00e0 d&rsquo;\u00e9ventuelles attaques contre les juifs depuis l&rsquo;attaque du Hamas contre Isra\u00ebl le 7 octobre 2023, qui a d\u00e9clench\u00e9 la guerre \u00e0 Gaza.<\/p>\n<p class=\"fig-paragraph\">En septembre, la police allemande a tu\u00e9 un jeune Autrichien musulman connu pour radicalisation religieuse, qui s&rsquo;appr\u00eatait, selon les autorit\u00e9s, \u00e0 commettre un attentat contre le consulat isra\u00e9lien \u00e0 Munich.<\/p>\n<p class=\"fig-paragraph\">Un ressortissant germano-iranien a \u00e9t\u00e9 emprisonn\u00e9 fin 2023 pour avoir projet\u00e9 l&rsquo;incendie d&rsquo;une synagogue \u00e0 Bochum, dans l&rsquo;ouest de l&rsquo;Allemagne, en 2022. Les autorit\u00e9s ont d\u00e9clar\u00e9 que le projet avait \u00e9t\u00e9 planifi\u00e9 avec l&rsquo;aide \u00abd&rsquo;agences \u00e9tatiques iraniennes\u00bb.<\/p>\n","protected":false},"excerpt":{"rendered":"Le suspect, arr\u00eat\u00e9 jeudi, avait \u00abre\u00e7u l\u2019ordre d\u2019un service de renseignement iranien de recueillir \u00e0 Berlin des informations&hellip;\n","protected":false},"author":2,"featured_media":218669,"comment_status":"","ping_status":"","sticky":false,"template":"","format":"standard","meta":{"footnotes":""},"categories":[1587],"tags":[259,11,260,672,1804,1805,1803,1777,674,1801,14,3019,261,12,262,1802],"class_list":{"0":"post-218668","1":"post","2":"type-post","3":"status-publish","4":"format-standard","5":"has-post-thumbnail","7":"category-allemagne","8":"tag-actualite-internationale","9":"tag-actualites","10":"tag-affaires-etrangeres","11":"tag-allemagne","12":"tag-bundesrepublik-deutschland","13":"tag-de","14":"tag-deutschland","15":"tag-eu","16":"tag-europe","17":"tag-germany","18":"tag-international","19":"tag-iran","20":"tag-ministere-des-affaires-etrangeres","21":"tag-news","22":"tag-politique-etrangere","23":"tag-republique-federale-dallemagne"},"share_on_mastodon":{"url":"https:\/\/pubeurope.com\/@fr\/114779133286648634","error":""},"_links":{"self":[{"href":"https:\/\/www.europesays.com\/fr\/wp-json\/wp\/v2\/posts\/218668","targetHints":{"allow":["GET"]}}],"collection":[{"href":"https:\/\/www.europesays.com\/fr\/wp-json\/wp\/v2\/posts"}],"about":[{"href":"https:\/\/www.europesays.com\/fr\/wp-json\/wp\/v2\/types\/post"}],"author":[{"embeddable":true,"href":"https:\/\/www.europesays.com\/fr\/wp-json\/wp\/v2\/users\/2"}],"replies":[{"embeddable":true,"href":"https:\/\/www.europesays.com\/fr\/wp-json\/wp\/v2\/comments?post=218668"}],"version-history":[{"count":0,"href":"https:\/\/www.europesays.com\/fr\/wp-json\/wp\/v2\/posts\/218668\/revisions"}],"wp:featuredmedia":[{"embeddable":true,"href":"https:\/\/www.europesays.com\/fr\/wp-json\/wp\/v2\/media\/218669"}],"wp:attachment":[{"href":"https:\/\/www.europesays.com\/fr\/wp-json\/wp\/v2\/media?parent=218668"}],"wp:term":[{"taxonomy":"category","embeddable":true,"href":"https:\/\/www.europesays.com\/fr\/wp-json\/wp\/v2\/categories?post=218668"},{"taxonomy":"post_tag","embeddable":true,"href":"https:\/\/www.europesays.com\/fr\/wp-json\/wp\/v2\/tags?post=218668"}],"curies":[{"name":"wp","href":"https:\/\/api.w.org\/{rel}","templated":true}]}}