{"id":218670,"date":"2025-07-01T17:22:10","date_gmt":"2025-07-01T17:22:10","guid":{"rendered":"https:\/\/www.europesays.com\/fr\/218670\/"},"modified":"2025-07-01T17:22:10","modified_gmt":"2025-07-01T17:22:10","slug":"la-maison-de-leurope-de-tours-demenage-cet-automne","status":"publish","type":"post","link":"https:\/\/www.europesays.com\/fr\/218670\/","title":{"rendered":"La maison de l\u2019Europe de Tours d\u00e9m\u00e9nage cet automne"},"content":{"rendered":"<p>La maison de l\u2019Europe, \u00e0 l\u2019automne prochaine, s\u2019installera au <a target=\"_self\" href=\"https:\/\/www.lanouvellerepublique.fr\/tours\/tours-le-360-un-nouveau-tiers-lieu-pour-les-jeunes-1747844136\" rel=\"noopener\">360 au 78, rue des Halles avec le Bureau information jeunesse d\u2019Indre-et-Loire<\/a>. La maison tourangelle \u2013 qui renouvelle sa labellisation \u00ab\u00a0Europe direct\u00a0\u00bb \u2013 devait trouver un h\u00e9bergement lui pe&#8230; <\/p>\n<p>    Cet article a \u00e9t\u00e9 tronqu\u00e9. Abonnez-vous pour lire l&rsquo;article complet sur notre site.<\/p>\n<p style=\"margin: 0 !important; padding: 0 !important; font-size: 12px !important;\">Cet article a \u00e9t\u00e9 tronqu\u00e9. Abonnez-vous pour lire l&rsquo;article complet.<\/p>\n<p>    <a href=\"https:\/\/www.lanouvellerepublique.fr\/abonnements\" style=\"display: inline-block; margin-top: 5px !important; padding: 6px 12px !important; background: #cb1c27; color: white; text-decoration: none; border-radius: 4px; font-size: 12px !important;\" target=\"_blank\" rel=\"noopener\"><br \/>\n      S&rsquo;abonner<br \/>\n    <\/a><\/p>\n","protected":false},"excerpt":{"rendered":"La maison de l\u2019Europe, \u00e0 l\u2019automne prochaine, s\u2019installera au 360 au 78, rue des Halles avec le Bureau&hellip;\n","protected":false},"author":2,"featured_media":218671,"comment_status":"","ping_status":"","sticky":false,"template":"","format":"standard","meta":{"footnotes":""},"categories":[1586],"tags":[11,1777,674,1011,27,12,5116,25,35792],"class_list":{"0":"post-218670","1":"post","2":"type-post","3":"status-publish","4":"format-standard","5":"has-post-thumbnail","7":"category-europe","8":"tag-actualites","9":"tag-eu","10":"tag-europe","11":"tag-fr","12":"tag-france","13":"tag-news","14":"tag-quartiers","15":"tag-republique-francaise","16":"tag-tours-febvotte"},"share_on_mastodon":{"url":"https:\/\/pubeurope.com\/@fr\/114779138397462074","error":""},"_links":{"self":[{"href":"https:\/\/www.europesays.com\/fr\/wp-json\/wp\/v2\/posts\/218670","targetHints":{"allow":["GET"]}}],"collection":[{"href":"https:\/\/www.europesays.com\/fr\/wp-json\/wp\/v2\/posts"}],"about":[{"href":"https:\/\/www.europesays.com\/fr\/wp-json\/wp\/v2\/types\/post"}],"author":[{"embeddable":true,"href":"https:\/\/www.europesays.com\/fr\/wp-json\/wp\/v2\/users\/2"}],"replies":[{"embeddable":true,"href":"https:\/\/www.europesays.com\/fr\/wp-json\/wp\/v2\/comments?post=218670"}],"version-history":[{"count":0,"href":"https:\/\/www.europesays.com\/fr\/wp-json\/wp\/v2\/posts\/218670\/revisions"}],"wp:featuredmedia":[{"embeddable":true,"href":"https:\/\/www.europesays.com\/fr\/wp-json\/wp\/v2\/media\/218671"}],"wp:attachment":[{"href":"https:\/\/www.europesays.com\/fr\/wp-json\/wp\/v2\/media?parent=218670"}],"wp:term":[{"taxonomy":"category","embeddable":true,"href":"https:\/\/www.europesays.com\/fr\/wp-json\/wp\/v2\/categories?post=218670"},{"taxonomy":"post_tag","embeddable":true,"href":"https:\/\/www.europesays.com\/fr\/wp-json\/wp\/v2\/tags?post=218670"}],"curies":[{"name":"wp","href":"https:\/\/api.w.org\/{rel}","templated":true}]}}