{"id":218696,"date":"2025-07-01T17:37:12","date_gmt":"2025-07-01T17:37:12","guid":{"rendered":"https:\/\/www.europesays.com\/fr\/218696\/"},"modified":"2025-07-01T17:37:12","modified_gmt":"2025-07-01T17:37:12","slug":"pleins-feux-sur-paul-cezanne-a-aix-en-provence","status":"publish","type":"post","link":"https:\/\/www.europesays.com\/fr\/218696\/","title":{"rendered":"Pleins feux sur Paul C\u00e9zanne \u00e0 Aix-en-Provence"},"content":{"rendered":"<p>La capitale historique de la Provence a lanc\u00e9 le\u00a028 juin \u00ab Cezanne 2025 \u00bb, une saison riche en (r\u00e9)ouvertures, expositions et activit\u00e9s th\u00e9matiques.<\/p>\n<p>Ancienne cit\u00e9 thermale, aujourd\u2019hui surnomm\u00e9e la \u00ab\u00a0Ville aux cent fontaines\u00a0\u00bb, Aix-en-Provence a inaugur\u00e9, le 28 juin, une vague d\u2019\u00e9v\u00e9nements autour de Paul C\u00e9zanne (d\u00e9sormais orthographi\u00e9 sans accent &#8211;\u00a0comme sur son \u00e9tat-civil et sur sa signature &#8211;\u00a0par la Ville et la soci\u00e9t\u00e9 Paul Cezanne), enfant du pays longtemps boud\u00e9 par les institutions locales \u00e0 cause d\u2019un conservateur imperm\u00e9able \u00e0 son talent. Avant de plonger, t\u00eate baiss\u00e9e, dans la programmation qui a suppos\u00e9 un investissement de 20 millions d&rsquo;euros (dont 5 millions pour la restauration du Jas de Bouffan), un conseil : prendre ses marques gr\u00e2ce au circuit th\u00e9matique que l\u2019office de tourisme a mis en place il y a d\u00e9j\u00e0 quelques ann\u00e9es. Seul ou accompagn\u00e9 d\u2019un guide, avec un plan ou une application, il s\u2019agit de marcher sur les pas du peintre, dont l\u2019effigie en bronze sculpt\u00e9e par Gabri\u00ebl Sterk constitue, avenue Giuseppe Verdi, un bon point de d\u00e9part. L\u2019\u00e9glise de la Madeleine, o\u00f9 il fut baptis\u00e9 en 1839, le coll\u00e8ge Mignet, o\u00f9 il se lia d\u2019amiti\u00e9 avec \u00c9mile Zola, comptent parmi la trentaine d\u2019\u00e9tapes qui conduisent progressivement \u00e0 l\u2019atelier des Lauves, perch\u00e9 sur la colline du m\u00eame nom.<\/p>\n<p>Deux (r\u00e9)ouvertures d\u2019envergure<\/p>\n<p>Dernier lieu de cr\u00e9ation de C\u00e9zanne, construit en 1901 d\u2019apr\u00e8s ses propres plans, ce site embl\u00e9matique a \u00e9t\u00e9\u2026<\/p>\n","protected":false},"excerpt":{"rendered":"La capitale historique de la Provence a lanc\u00e9 le\u00a028 juin \u00ab Cezanne 2025 \u00bb, une saison riche en&hellip;\n","protected":false},"author":2,"featured_media":218697,"comment_status":"","ping_status":"","sticky":false,"template":"","format":"standard","meta":{"footnotes":""},"categories":[1358],"tags":[7404,7476,1348,1384,1385,1386,58,59,1011,27,35793],"class_list":{"0":"post-218696","1":"post","2":"type-post","3":"status-publish","4":"format-standard","5":"has-post-thumbnail","7":"category-arts-et-design","8":"tag-aix-en-provence","9":"tag-anniversaires","10":"tag-arts","11":"tag-arts-and-design","12":"tag-arts-et-design","13":"tag-design","14":"tag-divertissement","15":"tag-entertainment","16":"tag-fr","17":"tag-france","18":"tag-paul-cezanne"},"share_on_mastodon":{"url":"https:\/\/pubeurope.com\/@fr\/114779196238878978","error":""},"_links":{"self":[{"href":"https:\/\/www.europesays.com\/fr\/wp-json\/wp\/v2\/posts\/218696","targetHints":{"allow":["GET"]}}],"collection":[{"href":"https:\/\/www.europesays.com\/fr\/wp-json\/wp\/v2\/posts"}],"about":[{"href":"https:\/\/www.europesays.com\/fr\/wp-json\/wp\/v2\/types\/post"}],"author":[{"embeddable":true,"href":"https:\/\/www.europesays.com\/fr\/wp-json\/wp\/v2\/users\/2"}],"replies":[{"embeddable":true,"href":"https:\/\/www.europesays.com\/fr\/wp-json\/wp\/v2\/comments?post=218696"}],"version-history":[{"count":0,"href":"https:\/\/www.europesays.com\/fr\/wp-json\/wp\/v2\/posts\/218696\/revisions"}],"wp:featuredmedia":[{"embeddable":true,"href":"https:\/\/www.europesays.com\/fr\/wp-json\/wp\/v2\/media\/218697"}],"wp:attachment":[{"href":"https:\/\/www.europesays.com\/fr\/wp-json\/wp\/v2\/media?parent=218696"}],"wp:term":[{"taxonomy":"category","embeddable":true,"href":"https:\/\/www.europesays.com\/fr\/wp-json\/wp\/v2\/categories?post=218696"},{"taxonomy":"post_tag","embeddable":true,"href":"https:\/\/www.europesays.com\/fr\/wp-json\/wp\/v2\/tags?post=218696"}],"curies":[{"name":"wp","href":"https:\/\/api.w.org\/{rel}","templated":true}]}}