{"id":218706,"date":"2025-07-01T17:42:10","date_gmt":"2025-07-01T17:42:10","guid":{"rendered":"https:\/\/www.europesays.com\/fr\/218706\/"},"modified":"2025-07-01T17:42:10","modified_gmt":"2025-07-01T17:42:10","slug":"alsace-un-premier-cas-autochtone-de-chikungunya-confirme-des-operations-de-demoustication-a-lipsheim-les-dernieres-nouvelles-dalsace","status":"publish","type":"post","link":"https:\/\/www.europesays.com\/fr\/218706\/","title":{"rendered":"Alsace. Un premier cas autochtone de chikungunya confirm\u00e9 : des op\u00e9rations de d\u00e9moustication \u00e0 Lipsheim &#8211; les Derni\u00e8res Nouvelles d&#039;Alsace"},"content":{"rendered":"<ol>\n<li><a href=\"https:\/\/news.google.com\/rss\/articles\/CBMiwgFBVV95cUxQcmRuY0UwcGNnOGhwbHNTUXZlUVJiaE5WQl9Ta1BiaWVEemQ2U1ZYVUktcDV1NFJjU3FLSXI0UlFnMVhtUFQtWUQ5X09kWl9rQ2JWeXhnRVBkS2F5WlhrWkhSYzc4X1dlcmtGOHpHbFVhdEY5NjlzanVLZTVzelBSZi1YcFREU0pqelN3TExSdWkzdGR5dlZlWjl5MWZjXzBwN3lHcEp6d3ZaT1BkZXZiNDZtb1RlVzZCelQ1OWpBYWJlQQ?oc=5\" target=\"_blank\" rel=\"nofollow noopener\">Alsace. Un premier cas autochtone de chikungunya confirm\u00e9 : des op\u00e9rations de d\u00e9moustication \u00e0 Lipsheim<\/a>&nbsp;&nbsp;les Derni\u00e8res Nouvelles d&rsquo;Alsace<\/li>\n<li><a href=\"https:\/\/news.google.com\/rss\/articles\/CBMi_gFBVV95cUxNcHdKVU9PVzBhTmVVSWxXeXRaZVN4M25QcEtWV3h4bmVSRzdrVjkyNFJMU212bndqYzF4aW5wb1hVd240NW83Mlp5ckY5SzRSalN0UDFuS240Q2FsWXBWdEtaeWxGOWVoaHB6TGZtTUxQX3VpcklKTjZwSVBydllBTGxzNDdCOE9RODNCajlkUzdIcDE2eXFFMjRlaElFbGNLZXRXcndCdTNwSk1SdVZQZGN2ZjR0WjJfcmJveTFtM1JSLTQzWjB3THBXNzJPR2lqN3hWYy03N1E0bjhfYkxKcnVjdVdhSXpqdnFBamZxQjlITnVzRUl0cFpVUVFiQQ?oc=5\" target=\"_blank\" rel=\"nofollow noopener\">Un cas de chikungunya d\u00e9tect\u00e9 en Alsace : l&rsquo;ARS traque les moustiques tigres pour \u00e9viter la contagion<\/a>&nbsp;&nbsp;France 3 R\u00e9gions<\/li>\n<li><a href=\"https:\/\/news.google.com\/rss\/articles\/CBMiwwFBVV95cUxORUotbUZUak8tR3ctMEZvWWFoN1hNX2xaX3kwNFlKemtDcS1Wb2FKTndJcGE0d082Rl9rUThZRFNOdFQ4cHQ5dGVrNGE0VUlkM3I5ZnF6UWxWcnBpNnpDNkphcDNtR081Y3QxeGI3MXY0cFJSa1p5c3pkT1lLdld3OHhQOWVNbUoxNUFVaUZLSnJ4QkpOYjI1WVBwaDZiZHhvcjNuUkRacTRtcXpTUzNUaEw0bU96dWNrRjlwQnR4dlZObmc?oc=5\" target=\"_blank\" rel=\"nofollow noopener\">Haut-Rhin. Op\u00e9ration de traitement contre le moustique tigre apr\u00e8s un cas de dengue \u00e0 Colmar<\/a>&nbsp;&nbsp;les Derni\u00e8res Nouvelles d&rsquo;Alsace<\/li>\n<li><a href=\"https:\/\/news.google.com\/rss\/articles\/CBMiuwFBVV95cUxPUHBlY215YmVVR19kank3R1lFZWRDWDBwYU52VFBPYTNEcFBPR016Y08wZ3JWb2lvTl9iek1xREpSQ0JjSUx3M0daT24temprU1NQenFsYmRObXM5c0Z0VVRoeVZnZXNfdHMzdEJjZ1IwN1oxdG9LbklCRDRVV2c4TDkxakRyY1F4bGh4d004UlFMNkswSXFXUGRlTmF4cE84WE9mTEZ2TEpVYnh3RURBMGdrSk1uMnNmeVdn?oc=5\" target=\"_blank\" rel=\"nofollow noopener\">Un premier cas \u00ab autochtone \u00bb de chikungunya identifi\u00e9 pr\u00e8s de Strasbourg<\/a>&nbsp;&nbsp;20 Minutes<\/li>\n<li><a href=\"https:\/\/news.google.com\/rss\/articles\/CBMivgFBVV95cUxOWnJuczgza0dFaTZNb2ppLWFPY1pwTG4tSW5iSEpUdjgyWjZ4Rldka0pJdEFUR0hiaTA5VFo2SEdEMEVnR05pVWNNZkJzejRrR0tkcDN6QXFfcU1yTUVoZmVZYU16YXAzRC1BRExQYmpuUmxVaUV3d0lQUjRCZ3M0eWpxYlJkaDF4andXWU1aWUZtSVpNSlpheFdhcWRLSnZWTU9GM0VFTGVxTXNlWWNHSE9XdUxxWHdUcGJFWkl3?oc=5\" target=\"_blank\" rel=\"nofollow noopener\">Chikungunya : un premier cas de transmission de la maladie en Alsace<\/a>&nbsp;&nbsp;francebleu.fr<\/li>\n<\/ol>\n","protected":false},"excerpt":{"rendered":"Alsace. Un premier cas autochtone de chikungunya confirm\u00e9 : des op\u00e9rations de d\u00e9moustication \u00e0 Lipsheim&nbsp;&nbsp;les Derni\u00e8res Nouvelles d&rsquo;Alsace&hellip;\n","protected":false},"author":2,"featured_media":218707,"comment_status":"","ping_status":"","sticky":false,"template":"","format":"standard","meta":{"footnotes":""},"categories":[10],"tags":[2389,2649,2880,10594,107,1011,27,329,72,24068,71],"class_list":{"0":"post-218706","1":"post","2":"type-post","3":"status-publish","4":"format-standard","5":"has-post-thumbnail","7":"category-sante","8":"tag-alsace","9":"tag-bas-rhin","10":"tag-edition-strasbourg","11":"tag-fegersheim","12":"tag-fil-info","13":"tag-fr","14":"tag-france","15":"tag-france-monde","16":"tag-health","17":"tag-lipsheim","18":"tag-sante"},"share_on_mastodon":{"url":"https:\/\/pubeurope.com\/@fr\/114779215899713757","error":""},"_links":{"self":[{"href":"https:\/\/www.europesays.com\/fr\/wp-json\/wp\/v2\/posts\/218706","targetHints":{"allow":["GET"]}}],"collection":[{"href":"https:\/\/www.europesays.com\/fr\/wp-json\/wp\/v2\/posts"}],"about":[{"href":"https:\/\/www.europesays.com\/fr\/wp-json\/wp\/v2\/types\/post"}],"author":[{"embeddable":true,"href":"https:\/\/www.europesays.com\/fr\/wp-json\/wp\/v2\/users\/2"}],"replies":[{"embeddable":true,"href":"https:\/\/www.europesays.com\/fr\/wp-json\/wp\/v2\/comments?post=218706"}],"version-history":[{"count":0,"href":"https:\/\/www.europesays.com\/fr\/wp-json\/wp\/v2\/posts\/218706\/revisions"}],"wp:featuredmedia":[{"embeddable":true,"href":"https:\/\/www.europesays.com\/fr\/wp-json\/wp\/v2\/media\/218707"}],"wp:attachment":[{"href":"https:\/\/www.europesays.com\/fr\/wp-json\/wp\/v2\/media?parent=218706"}],"wp:term":[{"taxonomy":"category","embeddable":true,"href":"https:\/\/www.europesays.com\/fr\/wp-json\/wp\/v2\/categories?post=218706"},{"taxonomy":"post_tag","embeddable":true,"href":"https:\/\/www.europesays.com\/fr\/wp-json\/wp\/v2\/tags?post=218706"}],"curies":[{"name":"wp","href":"https:\/\/api.w.org\/{rel}","templated":true}]}}