{"id":218716,"date":"2025-07-01T17:47:10","date_gmt":"2025-07-01T17:47:10","guid":{"rendered":"https:\/\/www.europesays.com\/fr\/218716\/"},"modified":"2025-07-01T17:47:10","modified_gmt":"2025-07-01T17:47:10","slug":"trump-va-examiner-la-possibilite-dexpulser-musk-tesla-devisse-en-bourse","status":"publish","type":"post","link":"https:\/\/www.europesays.com\/fr\/218716\/","title":{"rendered":"Trump va \u00ab\u00a0examiner\u00a0\u00bb la possibilit\u00e9 d\u2019expulser Musk, Tesla d\u00e9visse en Bourse"},"content":{"rendered":"<p><a href=\"https:\/\/www.20minutes.fr\/dossier\/donald_trump\" class=\"color-ultramarine c-link\" target=\"_blank\" rel=\"noopener\">Donald Trump<\/a> a d\u00e9clar\u00e9 mardi qu\u2019il allait \u00ab\u00a0examiner\u00a0\u00bb la possibilit\u00e9 d\u2019expulser <a href=\"https:\/\/www.20minutes.fr\/dossier\/elon_musk\" class=\"color-ultramarine c-link\" target=\"_blank\" rel=\"noopener\">Elon Musk<\/a>. Une d\u00e9claration qui fait suite \u00e0 celles &#8211; incendiaires &#8211; de l\u2019homme le plus riche du monde contre le m\u00e9gaprojet de loi budg\u00e9taire que le pr\u00e9sident am\u00e9ricain cherche \u00e0 faire adopter par le <a href=\"https:\/\/www.20minutes.fr\/dossier\/congres\" class=\"color-ultramarine c-link\" target=\"_blank\" rel=\"noopener\">Congr\u00e8s<\/a>. Celui qui a quitt\u00e9 les affaires gouvernementales pour se concentrer notamment sur ses voitures \u00e9lectriques <a href=\"https:\/\/www.20minutes.fr\/dossier\/tesla\" class=\"color-ultramarine c-link\" target=\"_blank\" rel=\"noopener\">Tesla<\/a> estime que le vaste projet de loi budg\u00e9taire \u00ab\u00a0augmente de mani\u00e8re record le plafond de la dette de 5.000\u00a0milliards de dollars\u00a0\u00bb.<\/p>\n<p>Comme un journaliste lui demandait s\u2019il envisageait la possibilit\u00e9 d\u2019expulser son ancien co\u00e9quipier, lequel est n\u00e9 en Afrique du Sud, Donald Trump a r\u00e9pondu. \u00ab\u00a0Je ne sais pas. On va devoir examiner\u00a0\u00bb cette option.<\/p>\n<p>\u00ab\u00a0On pourrait mettre Doge sur Elon\u00a0\u00bb<\/p>\n<p>\u00ab\u00a0On pourrait mettre Doge sur Elon. Vous savez ce qu\u2019est Doge\u00a0? Doge est le monstre qui pourrait se retourner et croquer Elon\u00a0\u00bb, a ajout\u00e9 le pr\u00e9sident am\u00e9ricain. Doge est charg\u00e9e de sabrer dans les d\u00e9penses f\u00e9d\u00e9rales, parfois de fa\u00e7on brutale. \u00ab\u00a0Elon obtient peut-\u00eatre plus de subventions que tout autre individu dans l\u2019histoire, de loin, et sans ces subventions, Elon aurait probablement d\u00fb fermer boutique et retourner chez lui en Afrique du Sud\u00a0\u00bb, avait d\u00e9j\u00e0 r\u00e9torqu\u00e9 Donald Trump mardi sur son r\u00e9seau Truth Social.<\/p>\n<p>\u00ab\u00a0Plus de lancements de fus\u00e9es, de satellites ou de production de voitures \u00e9lectriques et notre pays \u00e9conomiserait une fortune\u00a0\u00bb, a-t-il ajout\u00e9. Tesla b\u00e9n\u00e9ficie notamment, comme les autres constructeurs, d\u2019un cr\u00e9dit d\u2019imp\u00f4ts de 7.500 dollars pour l\u2019achat d\u2019un v\u00e9hicule \u00e9lectrique, une disposition sur laquelle le Congr\u00e8s s\u2019appr\u00eate \u00e0 revenir.<\/p>\n<p>Tesla d\u00e9gringole encore une fois en bourse<\/p>\n<p>Cette nouvelle passe d\u2019armes a fait plonger le constructeur de v\u00e9hicules \u00e9lectriques \u00e0 l\u2019ouverture de Wall Street mardi. L\u2019action l\u00e2chait 5,01\u00a0% \u00e0 301,73 dollars, \u00e0 l\u2019ouverture de la bourse. Repassant sous le seuil symbolique des 1.000\u00a0milliards de dollars de capitalisation boursi\u00e8re. Apr\u00e8s cette nouvelle dispute, \u00ab\u00a0les investisseurs craignent que l\u2019administration Trump ne se montre plus dure et surveille de pr\u00e8s les d\u00e9penses du gouvernement am\u00e9ricain li\u00e9es \u00e0 Tesla\/SpaceX\u00a0\u00bb, indique dans une note Daniel Ives, de Wedbush Securities.<\/p>\n<\/p>\n<p>Les deux hommes, qui ont \u00e9t\u00e9 tr\u00e8s proches pendant la campagne du r\u00e9publicain et au d\u00e9but de son second mandat, se sont d\u00e9j\u00e0 d\u00e9chir\u00e9s publiquement, dans des registres tant professionnels que personnels. L\u2019homme d\u2019affaires s\u2019en \u00e9tait d\u00e9j\u00e0 pris au projet de loi en le qualifiant d&rsquo;\u00ab\u00a0abomination r\u00e9pugnante\u00a0\u00bb.<\/p>\n<p><a href=\"https:\/\/www.20minutes.fr\/dossier\/elon_musk\" class=\"c-link c-btn c-btn--primary\" target=\"_blank\" rel=\"noopener\">Notre dossier sur Elon Musk<\/a><\/p>\n<p>Le patron de Tesla a mis en garde\u00a0: si le texte est adopt\u00e9, il lancera un nouveau parti et financera la campagne aux primaires r\u00e9publicaines de candidats oppos\u00e9s aux parlementaires actuels. \u00ab\u00a0Vox populi vox dei. 80\u00a0% ont vot\u00e9 pour un nouveau parti\u00a0\u00bb, a-t-il \u00e0 nouveau averti mardi, ajoutant que \u00ab\u00a0tout ce que je demande, c\u2019est que nous ne mettions pas l\u2019Am\u00e9rique en faillite\u00a0\u00bb.<\/p>\n","protected":false},"excerpt":{"rendered":"Donald Trump a d\u00e9clar\u00e9 mardi qu\u2019il allait \u00ab\u00a0examiner\u00a0\u00bb la possibilit\u00e9 d\u2019expulser Elon Musk. Une d\u00e9claration qui fait suite&hellip;\n","protected":false},"author":2,"featured_media":218717,"comment_status":"","ping_status":"","sticky":false,"template":"","format":"standard","meta":{"footnotes":""},"categories":[5],"tags":[47,11,5594,340,75,46,73,1011,27,14,74,12,45,320,6901,28],"class_list":{"0":"post-218716","1":"post","2":"type-post","3":"status-publish","4":"format-standard","5":"has-post-thumbnail","7":"category-international","8":"tag-actualite","9":"tag-actualites","10":"tag-afrique-du-sud","11":"tag-bourse","12":"tag-donald-trump","13":"tag-elon-musk","14":"tag-etats-unis","15":"tag-fr","16":"tag-france","17":"tag-international","18":"tag-monde","19":"tag-news","20":"tag-spacex","21":"tag-tesla","22":"tag-wall-street","23":"tag-world"},"share_on_mastodon":{"url":"https:\/\/pubeurope.com\/@fr\/114779235515959639","error":""},"_links":{"self":[{"href":"https:\/\/www.europesays.com\/fr\/wp-json\/wp\/v2\/posts\/218716","targetHints":{"allow":["GET"]}}],"collection":[{"href":"https:\/\/www.europesays.com\/fr\/wp-json\/wp\/v2\/posts"}],"about":[{"href":"https:\/\/www.europesays.com\/fr\/wp-json\/wp\/v2\/types\/post"}],"author":[{"embeddable":true,"href":"https:\/\/www.europesays.com\/fr\/wp-json\/wp\/v2\/users\/2"}],"replies":[{"embeddable":true,"href":"https:\/\/www.europesays.com\/fr\/wp-json\/wp\/v2\/comments?post=218716"}],"version-history":[{"count":0,"href":"https:\/\/www.europesays.com\/fr\/wp-json\/wp\/v2\/posts\/218716\/revisions"}],"wp:featuredmedia":[{"embeddable":true,"href":"https:\/\/www.europesays.com\/fr\/wp-json\/wp\/v2\/media\/218717"}],"wp:attachment":[{"href":"https:\/\/www.europesays.com\/fr\/wp-json\/wp\/v2\/media?parent=218716"}],"wp:term":[{"taxonomy":"category","embeddable":true,"href":"https:\/\/www.europesays.com\/fr\/wp-json\/wp\/v2\/categories?post=218716"},{"taxonomy":"post_tag","embeddable":true,"href":"https:\/\/www.europesays.com\/fr\/wp-json\/wp\/v2\/tags?post=218716"}],"curies":[{"name":"wp","href":"https:\/\/api.w.org\/{rel}","templated":true}]}}