{"id":218730,"date":"2025-07-01T17:54:10","date_gmt":"2025-07-01T17:54:10","guid":{"rendered":"https:\/\/www.europesays.com\/fr\/218730\/"},"modified":"2025-07-01T17:54:10","modified_gmt":"2025-07-01T17:54:10","slug":"on-a-decide-de-reduire-la-voilure-afin-denvoyer-un-signal-fort-annonce-le-directeur-par-interim-de-la-villa-noailles","status":"publish","type":"post","link":"https:\/\/www.europesays.com\/fr\/218730\/","title":{"rendered":"\u00ab\u00a0On a d\u00e9cid\u00e9 de r\u00e9duire la voilure afin d\u2019envoyer un signal fort\u00a0\u00bb, annonce le directeur par int\u00e9rim de la Villa Noailles"},"content":{"rendered":"<p>Un d\u00e9ficit de 4 millions d\u2019euros, une crise de gouvernance, un changement de direction&#8230; Depuis deux mois, la Villa Noailles traverse une p\u00e9riode houleuse. Jean-Pierre Blanc \u00e9cart\u00e9, c\u2019est Sa\u00efd Berkane qui a \u00e9t\u00e9 promu directeur g\u00e9n\u00e9ral par int\u00e9rim.<\/p>\n<p>L\u2019ancien secr\u00e9taire g\u00e9n\u00e9ral du site sort donc de la semaine de Design Parade \u00ab\u00a0heureux et soulag\u00e9.\u00a0\u00bb<\/p>\n<p>\u00c0 la veille d\u2019une assembl\u00e9e g\u00e9n\u00e9rale pr\u00e9vue ce mercredi, il pr\u00e9cise: \u00ab\u00a0Nous avons accueilli plus de 5.000 visiteurs. Il \u00e9tait important pour nous de prouver que l\u2019on pouvait r\u00e9ussir \u00e0 faire un festival pour le grand public, les artistes et les partenaires, en \u00e9tant \u00e0 la hauteur en termes de qualit\u00e9, et ce malgr\u00e9 l\u2019actualit\u00e9.\u00a0\u00bb<\/p>\n<p>\u00ab\u00a0R\u00e9duire de fa\u00e7on significative certaines d\u00e9penses\u00a0\u00bb<\/p>\n<p>Malgr\u00e9 les remous des derniers mois, il assure qu\u2019il n\u2019a jamais \u00e9t\u00e9 question d\u2019annuler cette \u00e9dition de la Design Parade. \u00ab\u00a0En revanche, on a d\u00e9cid\u00e9 de r\u00e9duire la voilure afin d\u2019envoyer un signal fort, pour montrer que l\u2019on entend ce qu\u2019on nous dit et que l\u2019on agit.\u00a0\u00bb<\/p>\n<p>Avec ce pari r\u00e9ussi, l\u2019\u00e9quipe actuellement en place arrive donc avec des arguments solides pour l\u2019assembl\u00e9e g\u00e9n\u00e9rale.<\/p>\n<p>\u00ab\u00a0On veut montrer notre engagement pour que les choses s\u2019am\u00e9liorent. On va pr\u00e9senter \u00e0 cette assembl\u00e9e le r\u00e9sultat de cette Design Parade, qui est la preuve qu\u2019on peut faire avec les objectifs qu\u2019on nous donne en r\u00e9duisant de fa\u00e7on significative certaines d\u00e9penses.\u00a0\u00bb<\/p>\n<p>Le sort du festival de la mode devrait par ailleurs \u00eatre \u00e9voqu\u00e9. Sur le plan personnel, Sa\u00efd Berkane confie qu\u2019il \u00ab\u00a0assure l\u2019int\u00e9rim jusqu\u2019\u00e0 la mise en place d\u2019une nouvelle direction et assure la continuit\u00e9.\u00a0\u00bb<\/p>\n<p>Quant au fait de postuler lui-m\u00eame \u00e0 la t\u00eate de la Villa, il reste pour l\u2019instant \u00e9vasif.<\/p>\n<p>Derni\u00e8re \u00e0 l\u2019\u00c9v\u00each\u00e9<\/p>\n<p>Un dernier tour de piste. Pour sa 10e \u00e9dition, le festival international d\u2019architecture de Toulon \u2013 int\u00e9gr\u00e9 \u00e0 la Design Parade \u2013 devra se trouver un nouveau point de chute, puisque l\u2019ancien \u00e9v\u00each\u00e9 va se transformer en h\u00f4tel-restaurant Mama Shelter.<\/p>\n<p>\u00ab\u00a0Nous sommes encore en discussion pour savoir o\u00f9 le festival prendra pied pour sa dixi\u00e8me \u00e9dition\u00a0\u00bb, confie Sa\u00efd Berkane.<\/p>\n<p>Il poursuit: \u00ab\u00a0L\u2019ancien \u00e9v\u00each\u00e9 est un lieu magique, tout le monde s\u2019accorde \u00e0 le dire, mais on est certains de pouvoir trouver une tr\u00e8s bonne solution, et surtout un lieu qui permettra au festival de rayonner, mais aussi d\u2019\u00e9voluer. \u00ab\u00a0<\/p>\n","protected":false},"excerpt":{"rendered":"Un d\u00e9ficit de 4 millions d\u2019euros, une crise de gouvernance, un changement de direction&#8230; Depuis deux mois, la&hellip;\n","protected":false},"author":2,"featured_media":218731,"comment_status":"","ping_status":"","sticky":false,"template":"","format":"standard","meta":{"footnotes":""},"categories":[9619],"tags":[1111,11,1777,674,1011,27,12,882,25,2310,3366],"class_list":{"0":"post-218730","1":"post","2":"type-post","3":"status-publish","4":"format-standard","5":"has-post-thumbnail","7":"category-toulon","8":"tag-actu","9":"tag-actualites","10":"tag-eu","11":"tag-europe","12":"tag-fr","13":"tag-france","14":"tag-news","15":"tag-provence-alpes-cote-dazur","16":"tag-republique-francaise","17":"tag-toulon","18":"tag-vie-locale"},"share_on_mastodon":{"url":"https:\/\/pubeurope.com\/@fr\/114779263192175453","error":""},"_links":{"self":[{"href":"https:\/\/www.europesays.com\/fr\/wp-json\/wp\/v2\/posts\/218730","targetHints":{"allow":["GET"]}}],"collection":[{"href":"https:\/\/www.europesays.com\/fr\/wp-json\/wp\/v2\/posts"}],"about":[{"href":"https:\/\/www.europesays.com\/fr\/wp-json\/wp\/v2\/types\/post"}],"author":[{"embeddable":true,"href":"https:\/\/www.europesays.com\/fr\/wp-json\/wp\/v2\/users\/2"}],"replies":[{"embeddable":true,"href":"https:\/\/www.europesays.com\/fr\/wp-json\/wp\/v2\/comments?post=218730"}],"version-history":[{"count":0,"href":"https:\/\/www.europesays.com\/fr\/wp-json\/wp\/v2\/posts\/218730\/revisions"}],"wp:featuredmedia":[{"embeddable":true,"href":"https:\/\/www.europesays.com\/fr\/wp-json\/wp\/v2\/media\/218731"}],"wp:attachment":[{"href":"https:\/\/www.europesays.com\/fr\/wp-json\/wp\/v2\/media?parent=218730"}],"wp:term":[{"taxonomy":"category","embeddable":true,"href":"https:\/\/www.europesays.com\/fr\/wp-json\/wp\/v2\/categories?post=218730"},{"taxonomy":"post_tag","embeddable":true,"href":"https:\/\/www.europesays.com\/fr\/wp-json\/wp\/v2\/tags?post=218730"}],"curies":[{"name":"wp","href":"https:\/\/api.w.org\/{rel}","templated":true}]}}