{"id":218738,"date":"2025-07-01T17:58:12","date_gmt":"2025-07-01T17:58:12","guid":{"rendered":"https:\/\/www.europesays.com\/fr\/218738\/"},"modified":"2025-07-01T17:58:12","modified_gmt":"2025-07-01T17:58:12","slug":"rouen-pourquoi-la-piscine-de-lile-lacroix-a-ferme-en-urgence-ce-mardi-1er-juillet","status":"publish","type":"post","link":"https:\/\/www.europesays.com\/fr\/218738\/","title":{"rendered":"Rouen. Pourquoi la piscine de l&rsquo;\u00cele-Lacroix a ferm\u00e9 en urgence ce mardi 1er juillet"},"content":{"rendered":"<p>            Par<br \/>\n        <strong><br \/>\n            <a href=\"https:\/\/actu.fr\/auteur\/thomas-rideau\" title=\"Consulter tous les articles de Thomas Rideau\" rel=\"nofollow noopener\" target=\"_blank\">Thomas Rideau<\/a><br \/>\n        <\/strong><\/p>\n<p>        Publi\u00e9 le<\/p>\n<p>            1 juil. 2025 \u00e0 19h39        <\/p>\n<p>Petit moment de panique \u00e0 la piscine <strong>Guy-Boissi\u00e8re<\/strong>, sur l\u2019\u00cele-Lacroix, \u00e0 <a href=\"https:\/\/actu.fr\/normandie\/rouen_76540\" rel=\"nofollow noopener\" target=\"_blank\">Rouen (Seine-Maritime)<\/a>. Alors que<strong> la canicule<\/strong> a atteint son paroxysme, les esprits se sont peut-\u00eatre un peu \u00e9chauff\u00e9s ce mardi 1er\u00a0juillet 2025.<\/p>\n<p class=\" wall-content\">Peu apr\u00e8s 18h, un usager de la piscine a eu <strong>\u00ab\u2009un gros souci de sant\u00e9\u2009\u00bb<\/strong>. Les agents des lieux sont intervenus et ont imm\u00e9diatement appel\u00e9 les secours. Le Samu et les pompiers se sont rendus sur place pour prendre en charge une victime de noyade. Il s\u2019agit d\u2019un homme de 38 ans qui a d\u00fb \u00eatre transport\u00e9 en urgence absolue \u00e0 l\u2019h\u00f4pital.<\/p>\n<p>La police \u00e9galement appel\u00e9e<\/p>\n<p class=\" wall-content\">Alors que la piscine ne ferme qu\u2019\u00e0 19h30, les agents ont pris la d\u00e9cision de <strong>fermer les lieux<\/strong> pour une meilleure prise en charge de la victime. Une d\u00e9cision pas forc\u00e9ment comprise par la foule et qui a pu provoquer quelques remous, des \u00ab\u2009bagarres\u2009\u00bb indiquent des t\u00e9moins \u00e0 76actu. Pour<strong> apaiser tout le monde<\/strong>, un employ\u00e9 de la ville nous confirme qu\u2019ils ont pr\u00e9f\u00e9r\u00e9 appeler la police pour calmer le jeu.<\/p>\n<p class=\" wall-content\">Tout est rentr\u00e9 dans l\u2019ordre vers 19\u2009h et la piscine sera bien de nouveau ouverte d\u00e8s demain, mardi 2\u00a0juillet.<\/p>\n<p>Suivez l\u2019actualit\u00e9 de Rouen <a href=\"https:\/\/www.whatsapp.com\/channel\/0029VaKfnf99hXF2ddApFB1D\" rel=\"nofollow noopener\" target=\"_blank\">sur notre cha\u00eene WhatsApp<\/a> et <a href=\"https:\/\/www.tiktok.com\/@76actu.fr?lang=fr\" rel=\"nofollow noopener\" target=\"_blank\">sur notre compte TikTok<\/a><\/p>\n<p class=\" wall-content\">Suivez toute l\u2019actualit\u00e9 de vos villes et m\u00e9dias favoris en vous inscrivant \u00e0 <a href=\"https:\/\/moncompte.actu.fr\" title=\"D\u00e9couvez Mon Actu\" rel=\"nofollow noopener\" data-trk=\"{&quot;cta&quot;:{&quot;action&quot;:&quot;https:\\\/\\\/moncompte.actu.fr&quot;,&quot;category&quot;:&quot;mon compte&quot;,&quot;from&quot;:&quot;article footer&quot;,&quot;name&quot;:&quot;Mon actu&quot;,&quot;type&quot;:&quot;cta&quot;}}\" target=\"_blank\">Mon Actu<\/a>.<\/p>\n<p>                    <script async src=\"\/\/www.tiktok.com\/embed.js\"><\/script><\/p>\n","protected":false},"excerpt":{"rendered":"Par Thomas Rideau Publi\u00e9 le 1 juil. 2025 \u00e0 19h39 Petit moment de panique \u00e0 la piscine Guy-Boissi\u00e8re,&hellip;\n","protected":false},"author":2,"featured_media":175257,"comment_status":"","ping_status":"","sticky":false,"template":"","format":"standard","meta":{"footnotes":""},"categories":[9587],"tags":[1111,11,6698,1777,674,118,1011,27,12,5161,25,9590],"class_list":{"0":"post-218738","1":"post","2":"type-post","3":"status-publish","4":"format-standard","5":"has-post-thumbnail","7":"category-rouen","8":"tag-actu","9":"tag-actualites","10":"tag-canicule","11":"tag-eu","12":"tag-europe","13":"tag-faits-divers","14":"tag-fr","15":"tag-france","16":"tag-news","17":"tag-normandie","18":"tag-republique-francaise","19":"tag-rouen"},"share_on_mastodon":{"url":"https:\/\/pubeurope.com\/@fr\/114779279142289054","error":""},"_links":{"self":[{"href":"https:\/\/www.europesays.com\/fr\/wp-json\/wp\/v2\/posts\/218738","targetHints":{"allow":["GET"]}}],"collection":[{"href":"https:\/\/www.europesays.com\/fr\/wp-json\/wp\/v2\/posts"}],"about":[{"href":"https:\/\/www.europesays.com\/fr\/wp-json\/wp\/v2\/types\/post"}],"author":[{"embeddable":true,"href":"https:\/\/www.europesays.com\/fr\/wp-json\/wp\/v2\/users\/2"}],"replies":[{"embeddable":true,"href":"https:\/\/www.europesays.com\/fr\/wp-json\/wp\/v2\/comments?post=218738"}],"version-history":[{"count":0,"href":"https:\/\/www.europesays.com\/fr\/wp-json\/wp\/v2\/posts\/218738\/revisions"}],"wp:featuredmedia":[{"embeddable":true,"href":"https:\/\/www.europesays.com\/fr\/wp-json\/wp\/v2\/media\/175257"}],"wp:attachment":[{"href":"https:\/\/www.europesays.com\/fr\/wp-json\/wp\/v2\/media?parent=218738"}],"wp:term":[{"taxonomy":"category","embeddable":true,"href":"https:\/\/www.europesays.com\/fr\/wp-json\/wp\/v2\/categories?post=218738"},{"taxonomy":"post_tag","embeddable":true,"href":"https:\/\/www.europesays.com\/fr\/wp-json\/wp\/v2\/tags?post=218738"}],"curies":[{"name":"wp","href":"https:\/\/api.w.org\/{rel}","templated":true}]}}