{"id":218739,"date":"2025-07-01T17:59:13","date_gmt":"2025-07-01T17:59:13","guid":{"rendered":"https:\/\/www.europesays.com\/fr\/218739\/"},"modified":"2025-07-01T17:59:13","modified_gmt":"2025-07-01T17:59:13","slug":"la-chaleur-cause-un-incident-electrique-et-paralyse-totalement-les-trains-entre-paris-rouen-et-le-havre","status":"publish","type":"post","link":"https:\/\/www.europesays.com\/fr\/218739\/","title":{"rendered":"La chaleur cause un incident \u00e9lectrique et paralyse totalement les trains entre Paris, Rouen et Le Havre"},"content":{"rendered":"<p>            Par<br \/>\n        <strong><br \/>\n            <a href=\"https:\/\/actu.fr\/auteur\/adrien-filoche\" title=\"Consulter tous les articles de Adrien Filoche\" target=\"_blank\" rel=\"noopener\">Adrien Filoche<\/a><br \/>\n        <\/strong><\/p>\n<p>        Publi\u00e9 le<\/p>\n<p>            1 juil. 2025 \u00e0 17h55        <\/p>\n<p><strong>Le trafic est totalement perturb\u00e9. <\/strong>Le mardi 1er\u00a0juillet 2025, une panne d\u2019alimentation \u00e9lectrique a eu lieu vers 14h30 sur le r\u00e9seau <a href=\"https:\/\/actu.fr\/tag\/sncf\" target=\"_blank\" rel=\"noopener\">SNCF<\/a>, provoquant <strong>d\u2019importantes perturbations sur les lignes normandes,<\/strong> notamment celle Le\u00a0Havre-Rouen-Paris. Et le responsable, <strong>c\u2019est la chaleur,<\/strong> selon la communication la SNCF.<\/p>\n<p>Le trafic fortement perturb\u00e9 le long de la soir\u00e9e<\/p>\n<p class=\" wall-content\">Sur X, la SNCF a inform\u00e9 vers 14h30 que \u00ab\u2009le trafic [\u00e9tait] interrompu \u00e0 Paris Saint-Lazare, dans les deux sens de circulation\u2009\u00bb \u00e0 cause d\u2019un incident \u00e9lectrique.<\/p>\n<p class=\" wall-content\">Interrog\u00e9e par 76actu, la communication de la SNCF pr\u00e9cise \u00ab\u2009qu\u2019\u00e0 cause des fortes chaleurs, une cat\u00e9naire s\u2019est affaiss\u00e9e sur l\u2019une des voies apr\u00e8s le passage d\u2019un train francilien\u2009\u00bb. L\u2019incident s\u2019est produit au niveau de la gare de Paris.<\/p>\n<p class=\" wall-content\">\n<p class=\" wall-content\">Les cons\u00e9quences sur le trafic sont tr\u00e8s importantes puisque l<strong>e trafic a \u00e9t\u00e9 totalement stopp\u00e9 depuis 15\u00a0heures<\/strong>\u2009: des trains ont \u00e9t\u00e9 supprim\u00e9s, tandis que d\u2019autres affichent plus de deux heures de retard, comme on peut le constater sur le site <a href=\"https:\/\/www.garesetconnexions.sncf\/fr\/gares-services\/rouen-rive-droite\" target=\"_blank\" rel=\"noopener\">Gares et Connexions<\/a> qui permet de conna\u00eetre le trafic en temps r\u00e9el.<\/p>\n<p class=\" wall-content\">Pour assurer la reprise de la circulation des trains, la SNCF a d\u00fb faire passer \u00ab\u2009des trains tests\u2009\u00bb sur la voie compromise. Les tests, effectu\u00e9s \u00e0 partir de 16\u00a0heures, ont \u00e9t\u00e9 concluants.<\/p>\n<p class=\" wall-content\">\u00c0 17h45, la SNCF nous informe que \u00ab\u2009la circulation va reprendre tr\u00e8s progressivement\u2009\u00bb et qu\u2019il y aura \u00ab\u2009des perturbations jusqu\u2019\u00e0 la fin de soir\u00e9e\u2009\u00bb. Il faudra donc s\u2019armer de patience pour les voyageurs.<\/p>\n<p>Vid\u00e9os : en ce moment sur Actu<\/p>\n<p class=\" wall-content\">En raison de ces retards et de la <a href=\"https:\/\/actu.fr\/meteo\/un-souffle-d-air-brulant-jusqu-a-quand-va-durer-cette-vague-de-chaleur-caniculaire_62841809.html\" target=\"_blank\" rel=\"noopener\">vague de chaleur qui touche la France<\/a>, la SNCF assure que des distributions de bouteilles d\u2019eau ont \u00e9t\u00e9 effectu\u00e9es en gare de Paris et de Rouen pour les usagers impact\u00e9s.<\/p>\n<p>Suivez l\u2019actualit\u00e9 de Rouen sur <a href=\"https:\/\/www.whatsapp.com\/channel\/0029VaKfnf99hXF2ddApFB1D\" target=\"_blank\" rel=\"noopener\">notre cha\u00eene WhatsApp<\/a> et sur <a href=\"https:\/\/www.tiktok.com\/@76actu.fr?lang=fr\" target=\"_blank\" rel=\"noopener\">notre compte TikTok<\/a>Suivez l\u2019actualit\u00e9 du\u00a0Havre sur <a href=\"https:\/\/www.whatsapp.com\/channel\/0029VaFqJYE8aKvLBwVrEe0o\" target=\"_blank\" rel=\"noopener\">notre cha\u00eene WhatsApp<\/a> et sur <a href=\"https:\/\/www.tiktok.com\/@76actu.fr?lang=fr\" target=\"_blank\" rel=\"noopener\">notre compte TikTok<\/a><\/p>\n<p class=\" wall-content\">Suivez toute l\u2019actualit\u00e9 de vos villes et m\u00e9dias favoris en vous inscrivant \u00e0 <a href=\"https:\/\/moncompte.actu.fr\" title=\"D\u00e9couvez Mon Actu\" rel=\"nofollow noopener\" data-trk=\"{&quot;cta&quot;:{&quot;action&quot;:&quot;https:\\\/\\\/moncompte.actu.fr&quot;,&quot;category&quot;:&quot;mon compte&quot;,&quot;from&quot;:&quot;article footer&quot;,&quot;name&quot;:&quot;Mon actu&quot;,&quot;type&quot;:&quot;cta&quot;}}\" target=\"_blank\">Mon Actu<\/a>.<\/p>\n<ul class=\"ac-article-tag wall-content\">\n<li><a href=\"https:\/\/actu.fr\/tag\/gare-roue-rive-droite\" data-trk=\"{&quot;cta&quot;:{&quot;action&quot;:&quot;Gare Rouen rive droite&quot;,&quot;category&quot;:&quot;tag&quot;,&quot;from&quot;:&quot;article footer&quot;,&quot;name&quot;:&quot;Gare Rouen rive droite&quot;,&quot;type&quot;:&quot;cta&quot;}}\" target=\"_blank\" rel=\"noopener\">#Gare Rouen rive droite<\/a><\/li>\n<li><a href=\"https:\/\/actu.fr\/tag\/sncf\" data-trk=\"{&quot;cta&quot;:{&quot;action&quot;:&quot;SNCF&quot;,&quot;category&quot;:&quot;tag&quot;,&quot;from&quot;:&quot;article footer&quot;,&quot;name&quot;:&quot;SNCF&quot;,&quot;type&quot;:&quot;cta&quot;}}\" target=\"_blank\" rel=\"noopener\">#SNCF<\/a><\/li>\n<\/ul>\n<p>                    <script async src=\"\/\/www.tiktok.com\/embed.js\"><\/script><\/p>\n","protected":false},"excerpt":{"rendered":"Par Adrien Filoche Publi\u00e9 le 1 juil. 2025 \u00e0 17h55 Le trafic est totalement perturb\u00e9. Le mardi 1er\u00a0juillet&hellip;\n","protected":false},"author":2,"featured_media":203289,"comment_status":"","ping_status":"","sticky":false,"template":"","format":"standard","meta":{"footnotes":""},"categories":[9587],"tags":[1111,11,1777,674,118,1011,27,32535,12,5161,25,9590,2215],"class_list":{"0":"post-218739","1":"post","2":"type-post","3":"status-publish","4":"format-standard","5":"has-post-thumbnail","7":"category-rouen","8":"tag-actu","9":"tag-actualites","10":"tag-eu","11":"tag-europe","12":"tag-faits-divers","13":"tag-fr","14":"tag-france","15":"tag-gare-rouen-rive-droite","16":"tag-news","17":"tag-normandie","18":"tag-republique-francaise","19":"tag-rouen","20":"tag-sncf"},"share_on_mastodon":{"url":"https:\/\/pubeurope.com\/@fr\/114779282737909399","error":""},"_links":{"self":[{"href":"https:\/\/www.europesays.com\/fr\/wp-json\/wp\/v2\/posts\/218739","targetHints":{"allow":["GET"]}}],"collection":[{"href":"https:\/\/www.europesays.com\/fr\/wp-json\/wp\/v2\/posts"}],"about":[{"href":"https:\/\/www.europesays.com\/fr\/wp-json\/wp\/v2\/types\/post"}],"author":[{"embeddable":true,"href":"https:\/\/www.europesays.com\/fr\/wp-json\/wp\/v2\/users\/2"}],"replies":[{"embeddable":true,"href":"https:\/\/www.europesays.com\/fr\/wp-json\/wp\/v2\/comments?post=218739"}],"version-history":[{"count":0,"href":"https:\/\/www.europesays.com\/fr\/wp-json\/wp\/v2\/posts\/218739\/revisions"}],"wp:featuredmedia":[{"embeddable":true,"href":"https:\/\/www.europesays.com\/fr\/wp-json\/wp\/v2\/media\/203289"}],"wp:attachment":[{"href":"https:\/\/www.europesays.com\/fr\/wp-json\/wp\/v2\/media?parent=218739"}],"wp:term":[{"taxonomy":"category","embeddable":true,"href":"https:\/\/www.europesays.com\/fr\/wp-json\/wp\/v2\/categories?post=218739"},{"taxonomy":"post_tag","embeddable":true,"href":"https:\/\/www.europesays.com\/fr\/wp-json\/wp\/v2\/tags?post=218739"}],"curies":[{"name":"wp","href":"https:\/\/api.w.org\/{rel}","templated":true}]}}