{"id":21874,"date":"2025-04-13T09:53:11","date_gmt":"2025-04-13T09:53:11","guid":{"rendered":"https:\/\/www.europesays.com\/fr\/21874\/"},"modified":"2025-04-13T09:53:11","modified_gmt":"2025-04-13T09:53:11","slug":"une-plateforme-internationale-de-pedopornographie-de-18-million-dutilisateurs-demantelee-2","status":"publish","type":"post","link":"https:\/\/www.europesays.com\/fr\/21874\/","title":{"rendered":"une plateforme internationale de p\u00e9dopornographie de 1,8 million d\u2019utilisateurs d\u00e9mantel\u00e9e"},"content":{"rendered":"<p><img decoding=\"async\" class=\"caas-img caas-lazy has-preview\" src=\"https:\/\/www.europesays.com\/fr\/wp-content\/uploads\/2025\/04\/80416d74480e4a7200098fff77ece160.jpeg\"\/><\/p>\n<p>Quelque 91 000 vid\u00e9os d&rsquo;abus sexuels sur des enfants et 1,8 million d&rsquo;utilisateurs dans le monde: apr\u00e8s trois ans d&rsquo;enqu\u00eate, les autorit\u00e9s allemandes ont d\u00e9mantel\u00e9 l&rsquo;une des plus vastes plateformes p\u00e9dopornographiques abrit\u00e9es sur le <a data-i13n=\"cpos:1;pos:1\" href=\"https:\/\/www.bfmtv.com\/police-justice\/darknet-arrestation-en-gironde-d-un-pedophile-presume-l-une-des-dix-cibles-prioritaires-mondiales_AD-202007130173.html\" rel=\"nofollow noopener\" target=\"_blank\" data-ylk=\"slk:darknet;cpos:1;pos:1;elm:context_link;itc:0;sec:content-canvas\" class=\"link \">darknet<\/a>.<\/p>\n<p>Il s&rsquo;agit de la plus grande op\u00e9ration contre ce type de cyberd\u00e9linquance dans l&rsquo;histoire d&rsquo;Europol, a affirm\u00e9 mercredi 2 avril l&rsquo;agence europ\u00e9enne de coordination polici\u00e8re, soutien des autorit\u00e9s allemandes dans le d\u00e9mant\u00e8lement de \u00ab\u00a0KidFlix\u00a0\u00bb.<\/p>\n<p>Cr\u00e9\u00e9e en 2021 par un cybercriminel qui a engrang\u00e9 de juteux profits, KidFlix \u00e9tait \u00ab\u00a0l&rsquo;une des plateformes de vid\u00e9os les plus populaires chez les p\u00e9dophiles\u00a0\u00bb, a d\u00e9crit Europol, bas\u00e9 aux Pays Bas.<\/p>\n<p>39 enfants plac\u00e9s sous protection<\/p>\n<p>Apr\u00e8s des perquisitions dans 31 pays, entre le 10 et 23 mars, 79 personnes ont \u00e9t\u00e9 arr\u00eat\u00e9es, dont des Allemands et Britanniques, plus de 3 000 appareils \u00e9lectroniques ont \u00e9t\u00e9 saisis et 39 enfants ont \u00e9t\u00e9 plac\u00e9s sous protection, a indiqu\u00e9 Europol dans un communiqu\u00e9.<\/p>\n<p>\u00ab\u00a0Parmi les suspects arr\u00eat\u00e9s pour avoir partag\u00e9 et distribu\u00e9 du mat\u00e9riel p\u00e9dophile, certains n&rsquo;ont pas seulement charg\u00e9 et regard\u00e9 les vid\u00e9os mais ils ont aussi abus\u00e9 d&rsquo;enfants\u00a0\u00bb, a soulign\u00e9 l&rsquo;agence.<\/p>\n<p>\u00ab\u00a0D\u00e9ception\u00a0\u00bb pour les enqu\u00eateurs : jusqu&rsquo;\u00e0 pr\u00e9sent, il n&rsquo;a pas \u00e9t\u00e9 possible \u00ab\u00a0d&rsquo;identifier l&rsquo;exploitant de ce site\u00a0\u00bb, a d\u00e9clar\u00e9 le procureur Thomas Goger du parquet g\u00e9n\u00e9ral de Bamberg (sud de l&rsquo;Allemagne). L&rsquo;enqu\u00eate se poursuit. Quelque 1 400 suspects ont \u00e9t\u00e9 identifi\u00e9s.<\/p>\n<p>Au total, 1,8 million personnes dans le monde se seraient connect\u00e9es, depuis avril 2022 au site h\u00e9berg\u00e9 sur le darknet pour y consulter les vid\u00e9os.<\/p>\n<p>\u00ab\u00a0Il s&rsquo;agit d&rsquo;actes d&rsquo;abus sexuels terribles, imaginables et malheureusement inimaginables, commis sur des enfants, de tr\u00e8s jeunes enfants, voire des b\u00e9b\u00e9s et mis \u00e0 disposition sur des vid\u00e9os avec une tr\u00e8s bonne qualit\u00e9 d&rsquo;image\u00a0\u00bb, a d\u00e9clar\u00e9 Guido Limmer, directeur adjoint de la police criminelle bavaroise, lors d&rsquo;une conf\u00e9rence de presse \u00e0 Munich (sud de l&rsquo;Allemagne).<\/p>\n<p><strong>38 pays impliqu\u00e9s dans l\u2019enqu\u00eate<\/strong><\/p>\n<p>La police bavaroise a dirig\u00e9 l&rsquo;op\u00e9ration de d\u00e9mantelement. Elle a impliqu\u00e9 les autorit\u00e9s de 38 pays au total, la plupart en Europe, mais aussi aux USA, au Canada, en Colombie, en Australie et en Nouvelle-Z\u00e9lande.<\/p>\n<p>Apr\u00e8s avoir r\u00e9gl\u00e9 leur inscription <a data-i13n=\"cpos:2;pos:1\" href=\"https:\/\/www.bfmtv.com\/crypto\/bitcoin\/il-est-desormais-possible-d-acheter-du-bitcoin-ou-de-l-ether-avec-bourso-bank_AN-202503250307.html\" rel=\"nofollow noopener\" target=\"_blank\" data-ylk=\"slk:en cryptomonnaies;cpos:2;pos:1;elm:context_link;itc:0;sec:content-canvas\" class=\"link \">en cryptomonnaies<\/a>, les utilisateurs avaient acc\u00e8s \u00e0 plus de 91 000 vid\u00e9os d&rsquo;une dur\u00e9e totale de 6 288 heures. En moyenne, environ trois nouvelles vid\u00e9os et demie \u00e9taient t\u00e9l\u00e9charg\u00e9es toutes les heures sur la plateforme aujourd&rsquo;hui d\u00e9sactiv\u00e9e.<\/p>\n<p>C&rsquo;est gr\u00e2ce au suivi des paiements des utilisateurs que les enqu\u00eateurs ont pu remonter jusqu&rsquo;aux suspects, a pr\u00e9cis\u00e9 Guido Limmer.<\/p>\n<p>\u00ab\u00a0L&rsquo;identification d&rsquo;enfants victimes d&rsquo;abus a constitu\u00e9 un \u00e9l\u00e9ment essentiel du travail : des enfants victimes d&rsquo;abus sexuels ont notamment pu \u00eatre mis \u00e0 l&rsquo;abri en Rh\u00e9nanie-du-Nord-Westphalie (nord ouest de l&rsquo;Allemagne) et identifi\u00e9s dans le Brandebourg (est)\u00a0\u00bb, ont pr\u00e9cis\u00e9 les autorit\u00e9s bavaroises.<\/p>\n<p>Elles citent notamment le cas d&rsquo;un homme de 36 ans originaire de Chemnitz (est) arr\u00eat\u00e9 d\u00e8s janvier 2024 qui proposait son fils \u00ab\u00a0pour des jeux\u00a0\u00bb et cherchait d&rsquo;autres enfants sur KidFlix. Son fils a \u00e9t\u00e9 plac\u00e9 sous la protection de l&rsquo;aide sociale \u00e0 l&rsquo;enfance.<\/p>\n<p>\u00ab\u00a0Les suspects sont des personnes \u00e2g\u00e9es de 20 \u00e0 40 ans\u00a0\u00bb, a d\u00e9clar\u00e9 le procureur Thomas Goger. L&rsquo;\u00e2ge moyen est de 31 ans. Le suspect le plus \u00e2g\u00e9 est n\u00e9 en 1948, le plus jeune en 2006. Pour une part importante, il ne s&rsquo;agirait pas de d\u00e9linquants occasionnels, mais de personnes qui \u00ab\u00a0s\u00e9journent depuis longtemps sur le Darknet\u00a0\u00bb, a soulign\u00e9 Thomas Goger.<\/p>\n<p><a data-i13n=\"cpos:3;pos:1\" href=\"https:\/\/www.bfmtv.com\/international\/europe\/allemagne\/allemagne-une-plateforme-internationale-de-pedopornographie-de-1-8-million-d-utilisateurs-demantelee_AD-202504030031.html#xtor=AL-68\" rel=\"nofollow noopener\" target=\"_blank\" data-ylk=\"slk:Article original publi\u00e9 sur BFMTV.com;cpos:3;pos:1;elm:context_link;itc:0;sec:content-canvas\" class=\"link \">Article original publi\u00e9 sur BFMTV.com<\/a><\/p>\n","protected":false},"excerpt":{"rendered":"Quelque 91 000 vid\u00e9os d&rsquo;abus sexuels sur des enfants et 1,8 million d&rsquo;utilisateurs dans le monde: apr\u00e8s trois&hellip;\n","protected":false},"author":2,"featured_media":21875,"comment_status":"","ping_status":"","sticky":false,"template":"","format":"standard","meta":{"footnotes":""},"categories":[1587],"tags":[11,672,1804,1153,1805,1803,1777,674,1801,8156,7243,8155,12,1802,8157,2955],"class_list":{"0":"post-21874","1":"post","2":"type-post","3":"status-publish","4":"format-standard","5":"has-post-thumbnail","7":"category-allemagne","8":"tag-actualites","9":"tag-allemagne","10":"tag-bundesrepublik-deutschland","11":"tag-conference-de-presse","12":"tag-de","13":"tag-deutschland","14":"tag-eu","15":"tag-europe","16":"tag-germany","17":"tag-kidflix","18":"tag-le-monde","19":"tag-les-videos","20":"tag-news","21":"tag-republique-federale-dallemagne","22":"tag-utilisateurs","23":"tag-videos"},"share_on_mastodon":{"url":"https:\/\/pubeurope.com\/@fr\/114330049094982166","error":""},"_links":{"self":[{"href":"https:\/\/www.europesays.com\/fr\/wp-json\/wp\/v2\/posts\/21874","targetHints":{"allow":["GET"]}}],"collection":[{"href":"https:\/\/www.europesays.com\/fr\/wp-json\/wp\/v2\/posts"}],"about":[{"href":"https:\/\/www.europesays.com\/fr\/wp-json\/wp\/v2\/types\/post"}],"author":[{"embeddable":true,"href":"https:\/\/www.europesays.com\/fr\/wp-json\/wp\/v2\/users\/2"}],"replies":[{"embeddable":true,"href":"https:\/\/www.europesays.com\/fr\/wp-json\/wp\/v2\/comments?post=21874"}],"version-history":[{"count":0,"href":"https:\/\/www.europesays.com\/fr\/wp-json\/wp\/v2\/posts\/21874\/revisions"}],"wp:featuredmedia":[{"embeddable":true,"href":"https:\/\/www.europesays.com\/fr\/wp-json\/wp\/v2\/media\/21875"}],"wp:attachment":[{"href":"https:\/\/www.europesays.com\/fr\/wp-json\/wp\/v2\/media?parent=21874"}],"wp:term":[{"taxonomy":"category","embeddable":true,"href":"https:\/\/www.europesays.com\/fr\/wp-json\/wp\/v2\/categories?post=21874"},{"taxonomy":"post_tag","embeddable":true,"href":"https:\/\/www.europesays.com\/fr\/wp-json\/wp\/v2\/tags?post=21874"}],"curies":[{"name":"wp","href":"https:\/\/api.w.org\/{rel}","templated":true}]}}