{"id":218742,"date":"2025-07-01T18:01:31","date_gmt":"2025-07-01T18:01:31","guid":{"rendered":"https:\/\/www.europesays.com\/fr\/218742\/"},"modified":"2025-07-01T18:01:31","modified_gmt":"2025-07-01T18:01:31","slug":"bruleurs-de-loups-rapaces-de-gap-diables-rouges-de-briancon-pionniers-de-chamonix-le-calendrier-est-connu","status":"publish","type":"post","link":"https:\/\/www.europesays.com\/fr\/218742\/","title":{"rendered":"Br\u00fbleurs de loups, Rapaces de Gap, Diables rouges de Brian\u00e7on, Pionniers de Chamonix&#8230; le calendrier est connu"},"content":{"rendered":"<p>La Ligue Magnus reprendra ses droits le vendredi 12\u00a0septembre avec deux gros chocs pour les Rapaces et les Diables rouges. Brian\u00e7on recevra Angers tandis que Gap se d\u00e9placera \u00e0 Rouen, deux des favoris du championnat de France.<\/p>\n<p>Le tenant du titre, Grenoble, r\u00e9ceptionnera Bordeaux tandis que Chamonix se d\u00e9placera \u00e0 Nice. Les Rapaces ouvriront leur saison \u00e0 domicile le mardi 16\u00a0septembre avec la venue de Marseille, tandis que les Pionniers accueilleront les Diables rouges ce m\u00eame soir. Cette 2e journ\u00e9e sera \u00e9galement le th\u00e9\u00e2tre d\u2019une premi\u00e8re revanche entre les deux finalistes de l\u2019an dernier puisque les Br\u00fbleurs de loups se d\u00e9placeront \u00e0 Angers.<\/p>\n<p>Ce contenu est bloqu\u00e9 car vous n&rsquo;avez pas accept\u00e9 les cookies et autres traceurs.<\/p>\n<p>En cliquant sur \u00ab J\u2019accepte \u00bb, les cookies et autres traceurs seront d\u00e9pos\u00e9s et vous pourrez visualiser les contenus  (<a href=\"\" class=\"consentModule_policy\" target=\"_blank\" title=\"Consulter la politique de protection des donn\u00e9es du fournisseur\">plus d&rsquo;informations<\/a>).<\/p>\n<p>En cliquant sur \u00ab J\u2019accepte tous les cookies \u00bb, vous autorisez des d\u00e9p\u00f4ts de cookies et autres traceurs pour le stockage de vos donn\u00e9es sur nos sites et applications \u00e0 des fins de personnalisation et de ciblage publicitaire.<\/p>\n<p class=\"consentModule_secondaryText\">Vous gardez la possibilit\u00e9 de retirer votre consentement \u00e0 tout moment en consultant notre <a href=\"https:\/\/www.ledauphine.com\/protection-des-donnees\" target=\"_blank\" title=\"Consulter notre politique de protection des donn\u00e9es\" rel=\"nofollow noopener\">politique de protection des donn\u00e9es<\/a>. <br \/>&#13;<br \/>\n            <a href=\"https:\/\/www.ledauphine.com\/sport\/2025\/07\/01\/javascript:Didomi.notice.show()\" class=\"consentModule_cmp\" rel=\"nofollow noopener\" target=\"_blank\">G\u00e9rer mes choix<\/a>&#13;\n        <\/p>\n<p>&#13;<br \/>\n                        J&rsquo;accepte&#13;<br \/>\n            J&rsquo;accepte tous les cookies&#13;\n        <\/p>\n<p>  Le premier derby fin septembre<\/p>\n<p>Le premier derby haut-alpin de la saison 2025-2026 se jouera sur la glace Ren\u00e9-Froger le vendredi 26\u00a0septembre. Brian\u00e7on recevra Gap tandis que l\u2019Alp\u2019Arena devra patienter jusqu\u2019au vendredi 21\u00a0novembre pour l\u2019Acte 2 du duel fratricide. \u00c0 noter qu\u2019entre-temps, un gros back-to-back se tiendra entre Grenoble et Rouen, les BDL \u00e9tant attendus chez les Dragons le 24\u00a0octobre avant de les r\u00e9ceptionner le 26\u00a0octobre.<\/p>\n<p>  Des f\u00eates anim\u00e9es<\/p>\n<p>L\u2019avant-veille de No\u00ebl aura une saveur alpine puisque Chamonix se d\u00e9placer \u00e0 Gap tandis que le 2\u00a0janvier, c\u2019est une nouvelle fois l\u2019affiche Grenoble contre Rouen qui retiendra l\u2019attention du c\u00f4t\u00e9 de Pole Sud. Le mardi 13\u00a0janvier, place au 3e derby de la saison, \u00e0 Brian\u00e7on. Enfin le dimanche 1er\u00a0mars, les Rapaces accueilleront les Diables rouges pour un ultime choc avant les s\u00e9ries (13 mars au 22 avril)\u2026 Ou le maintien. (13 mars au 7 avril)<\/p>\n","protected":false},"excerpt":{"rendered":"La Ligue Magnus reprendra ses droits le vendredi 12\u00a0septembre avec deux gros chocs pour les Rapaces et les&hellip;\n","protected":false},"author":2,"featured_media":218743,"comment_status":"","ping_status":"","sticky":false,"template":"","format":"standard","meta":{"footnotes":""},"categories":[9566],"tags":[1111,11,2430,12923,19384,22849,112,4521,1777,674,1701,1011,27,1085,16204,2731,2732,4638,881,4133,19383,22848,35795,10145,10146,12,25,517],"class_list":{"0":"post-218742","1":"post","2":"type-post","3":"status-publish","4":"format-standard","5":"has-post-thumbnail","7":"category-grenoble","8":"tag-actu","9":"tag-actualites","10":"tag-auvergne-rhone-alpes","11":"tag-briancon","12":"tag-briancon-bassin","13":"tag-chamonix-mont-blanc","14":"tag-edition-grenoble-agglomeration","15":"tag-edition-hautes-alpes-alpes-de-haute-provence","16":"tag-eu","17":"tag-europe","18":"tag-fil-info-sport","19":"tag-fr","20":"tag-france","21":"tag-gap","22":"tag-gap-bassin","23":"tag-grenoble","24":"tag-grenoble-bassin","25":"tag-haute-savoie","26":"tag-hautes-alpes","27":"tag-hockey-sur-glace","28":"tag-hockey-sur-glace-briancon","29":"tag-hockey-sur-glace-chamonix","30":"tag-hockey-sur-glace-gap","31":"tag-hockey-sur-glace-grenoble","32":"tag-ligue-magnus-hockey-sur-glace","33":"tag-news","34":"tag-republique-francaise","35":"tag-sport"},"share_on_mastodon":{"url":"","error":"Validation failed: Text character limit of 500 exceeded"},"_links":{"self":[{"href":"https:\/\/www.europesays.com\/fr\/wp-json\/wp\/v2\/posts\/218742","targetHints":{"allow":["GET"]}}],"collection":[{"href":"https:\/\/www.europesays.com\/fr\/wp-json\/wp\/v2\/posts"}],"about":[{"href":"https:\/\/www.europesays.com\/fr\/wp-json\/wp\/v2\/types\/post"}],"author":[{"embeddable":true,"href":"https:\/\/www.europesays.com\/fr\/wp-json\/wp\/v2\/users\/2"}],"replies":[{"embeddable":true,"href":"https:\/\/www.europesays.com\/fr\/wp-json\/wp\/v2\/comments?post=218742"}],"version-history":[{"count":0,"href":"https:\/\/www.europesays.com\/fr\/wp-json\/wp\/v2\/posts\/218742\/revisions"}],"wp:featuredmedia":[{"embeddable":true,"href":"https:\/\/www.europesays.com\/fr\/wp-json\/wp\/v2\/media\/218743"}],"wp:attachment":[{"href":"https:\/\/www.europesays.com\/fr\/wp-json\/wp\/v2\/media?parent=218742"}],"wp:term":[{"taxonomy":"category","embeddable":true,"href":"https:\/\/www.europesays.com\/fr\/wp-json\/wp\/v2\/categories?post=218742"},{"taxonomy":"post_tag","embeddable":true,"href":"https:\/\/www.europesays.com\/fr\/wp-json\/wp\/v2\/tags?post=218742"}],"curies":[{"name":"wp","href":"https:\/\/api.w.org\/{rel}","templated":true}]}}