{"id":218776,"date":"2025-07-01T18:19:15","date_gmt":"2025-07-01T18:19:15","guid":{"rendered":"https:\/\/www.europesays.com\/fr\/218776\/"},"modified":"2025-07-01T18:19:15","modified_gmt":"2025-07-01T18:19:15","slug":"pour-sentir-la-fraicheur-il-faut-de-la-verdure-le-voilage-ne-suffit-pas","status":"publish","type":"post","link":"https:\/\/www.europesays.com\/fr\/218776\/","title":{"rendered":"\u00ab Pour sentir la fra\u00eecheur, il faut de la verdure, le voilage ne suffit pas\u00a0\u00bb"},"content":{"rendered":"<p>\u00abTous ces voilages color\u00e9s habillent la place Bellecour. La statue \u00e9questre de Louis XIV doit se sentir moins seule ! Mais il doit faire au moins 40\u00b0C sous l\u2019\u0153uvre. Je pense qu\u2019on a aussi chaud que le Roi Soleil ! \u00bb sourit une Lyonnaise qui traverse le parcours Tissage Urbain.<\/p>\n<p>Des l\u00e9s de tissu install\u00e9s sur des structures en bois. Des assises pour se reposer. Un parcours \u00e0 sillonner. Cet espace ombrag\u00e9 install\u00e9 au Nord de la place\u00a0est une \u0153uvre artistique \u00ab\u00a0pens\u00e9e pour s\u2019y promener, s\u2019y installer et s\u2019y rafra\u00eechir \u00bb comme peuvent lire les badauds sur les panneaux d\u2019affichage install\u00e9s \u00e0 proximit\u00e9 des lieux. En ce lundi 30\u00a0juin, jour de canicule, qu\u2019en pensent-ils\u00a0?<\/p>\n<p>\u00ab\u00a0\u00c7a pourra \u00eatre sympa de venir s\u2019asseoir aux saisons interm\u00e9diaires\u00a0\u00bb<\/p>\n<p>\u00ab\u00a0On cuit sur la place Bellecour\u00a0! C\u2019est quand m\u00eame mieux d\u2019\u00eatre sous ces rubans qui donnent un peu d\u2019ombre.\u00a0\u00bb Nadia et Fred, venus du Qu\u00e9bec avec&#8230;<\/p>\n","protected":false},"excerpt":{"rendered":"\u00abTous ces voilages color\u00e9s habillent la place Bellecour. La statue \u00e9questre de Louis XIV doit se sentir moins&hellip;\n","protected":false},"author":2,"featured_media":218777,"comment_status":"","ping_status":"","sticky":false,"template":"","format":"standard","meta":{"footnotes":""},"categories":[1889],"tags":[1111,11,2430,6698,1687,2757,436,1777,674,107,1011,27,2798,2428,12354,12353,12,316,25,2429],"class_list":{"0":"post-218776","1":"post","2":"type-post","3":"status-publish","4":"format-standard","5":"has-post-thumbnail","7":"category-lyon","8":"tag-actu","9":"tag-actualites","10":"tag-auvergne-rhone-alpes","11":"tag-canicule","12":"tag-culture-loisirs","13":"tag-edition-lyon-villeurbanne","14":"tag-environnement","15":"tag-eu","16":"tag-europe","17":"tag-fil-info","18":"tag-fr","19":"tag-france","20":"tag-galerie-photo","21":"tag-lyon","22":"tag-lyon-2e","23":"tag-lyon-2e-arrondissement","24":"tag-news","25":"tag-politique","26":"tag-republique-francaise","27":"tag-rhone"},"share_on_mastodon":{"url":"https:\/\/pubeurope.com\/@fr\/114779361343184766","error":""},"_links":{"self":[{"href":"https:\/\/www.europesays.com\/fr\/wp-json\/wp\/v2\/posts\/218776","targetHints":{"allow":["GET"]}}],"collection":[{"href":"https:\/\/www.europesays.com\/fr\/wp-json\/wp\/v2\/posts"}],"about":[{"href":"https:\/\/www.europesays.com\/fr\/wp-json\/wp\/v2\/types\/post"}],"author":[{"embeddable":true,"href":"https:\/\/www.europesays.com\/fr\/wp-json\/wp\/v2\/users\/2"}],"replies":[{"embeddable":true,"href":"https:\/\/www.europesays.com\/fr\/wp-json\/wp\/v2\/comments?post=218776"}],"version-history":[{"count":0,"href":"https:\/\/www.europesays.com\/fr\/wp-json\/wp\/v2\/posts\/218776\/revisions"}],"wp:featuredmedia":[{"embeddable":true,"href":"https:\/\/www.europesays.com\/fr\/wp-json\/wp\/v2\/media\/218777"}],"wp:attachment":[{"href":"https:\/\/www.europesays.com\/fr\/wp-json\/wp\/v2\/media?parent=218776"}],"wp:term":[{"taxonomy":"category","embeddable":true,"href":"https:\/\/www.europesays.com\/fr\/wp-json\/wp\/v2\/categories?post=218776"},{"taxonomy":"post_tag","embeddable":true,"href":"https:\/\/www.europesays.com\/fr\/wp-json\/wp\/v2\/tags?post=218776"}],"curies":[{"name":"wp","href":"https:\/\/api.w.org\/{rel}","templated":true}]}}