{"id":218778,"date":"2025-07-01T18:20:10","date_gmt":"2025-07-01T18:20:10","guid":{"rendered":"https:\/\/www.europesays.com\/fr\/218778\/"},"modified":"2025-07-01T18:20:10","modified_gmt":"2025-07-01T18:20:10","slug":"valerie-pecresse-mobilise-les-maires-franciliens-pour-defendre-son-bouclier-de-securite","status":"publish","type":"post","link":"https:\/\/www.europesays.com\/fr\/218778\/","title":{"rendered":"Val\u00e9rie P\u00e9cresse mobilise les maires franciliens pour d\u00e9fendre son \u00abbouclier de s\u00e9curit\u00e9\u00bb"},"content":{"rendered":"<p><strong>D\u00c9CRYPTAGE <\/strong>&#8211; Menac\u00e9e par une d\u00e9cision imminente du tribunal administratif, la pr\u00e9sidente d\u2019\u00cele-de-France compte sur les \u00e9lus locaux pour soutenir que la politique engag\u00e9e depuis neuf ans \u00e0 leurs c\u00f4t\u00e9s est une question d\u2019int\u00e9r\u00eat r\u00e9gional majeur.<\/p>\n<p class=\"fig-paragraph\">\u00ab\u00a0Ubuesque.\u00a0\u00bb C\u2019est l\u2019adjectif choisi par\u00a0<a href=\"http:\/\/www.lefigaro.fr\/conjoncture\/greve-sncf-valerie-pecresse-plaide-pour-un-service-garanti-aux-heures-de-pointe-20250505\" data-fig-type=\"NewsFlash\" data-gtm-custom-categorie=\"navigation\" data-gtm-custom-action=\"crossclick\" data-gtm-custom-label=\"Contextuel\" data-gtm-event=\"customEventSPE\" data-fig-domain=\"LEFIGARO\" rel=\"nofollow noopener\" target=\"_blank\">Val\u00e9rie P\u00e9cresse<\/a>\u00a0pour d\u00e9crire la situation dans laquelle l\u2019\u00cele-de-France pourrait se retrouver si la justice administrative devait mettre un coup d\u2019arr\u00eat au soutien r\u00e9gional apport\u00e9 aux maires en mati\u00e8re de s\u00e9curit\u00e9.<\/p>\n<p class=\"fig-paragraph\">Avant la d\u00e9cision du tribunal, attendue d\u2019ici une quinzaine de jours, la pr\u00e9sidente LR de la collectivit\u00e9 organise la r\u00e9sistance et lance un appel \u00e0 la mobilisation des \u00e9lus locaux, re\u00e7us mercredi au si\u00e8ge de la r\u00e9gion, \u00e0 Saint-Ouen. Car, pour Val\u00e9rie P\u00e9cresse, les investissements r\u00e9alis\u00e9s depuis dix ans r\u00e9pondent \u00e0 une urgence absolue. Sans nier les comp\u00e9tences r\u00e9galiennes de l\u2019\u00c9tat, l\u2019\u00e9lue d\u00e9fend la compl\u00e9mentarit\u00e9 r\u00e9gionale. La r\u00e9gion a investi pr\u00e8s de 150\u00a0millions d\u2019euros sur la s\u00e9curit\u00e9 et aid\u00e9 plus de 730\u00a0communes (soit plus de 90\u00a0% de la population francilienne). Ce \u00ab\u00a0bouclier de s\u00e9curit\u00e9\u00a0\u00bb fait partie int\u00e9grante de la politique conduite depuis dix ans, mais, en cas d\u2019annulation des subventions r\u00e9gionales, 193\u00a0projets\u2026<\/p>\n<p class=\"fig-premium-paywall__infos\">\n        Cet article est r\u00e9serv\u00e9 aux abonn\u00e9s.        Il vous reste 77% \u00e0 d\u00e9couvrir.\n    <\/p>\n<p>                <img  data- alt=\"Le Figaro\" class=\"fig-img--complete fig-img\"\/><\/p>\n<p class=\"fig-premium-paywall__title\">Vous avez envie de lire la suite ?<\/p>\n<p class=\"fig-premium-paywall__subtitle\">D\u00e9bloquez tous les articles imm\u00e9diatement.<\/p>\n<p class=\"fig-premium-paywall__connect\">\n                D\u00e9j\u00e0 abonn\u00e9\u00a0?                <a class=\"fig-premium-paywall__connect-link\" href=\"https:\/\/connect.lefigaro.fr\/login?client=horizon_web&amp;type=main&amp;redirect_uri=https%3A%2F%2Fwww.lefigaro.fr%2Fpolitique%2Fvalerie-pecresse-mobilise-les-maires-franciliens-pour-defendre-son-bouclier-de-securite-20250701\" data-js-gtm=\"{&quot;customCategorie&quot;: &quot;conversion&quot;, &quot;customAction&quot;: &quot;before_Landing_Connexion_paywall_auto&quot;, &quot;customLabel&quot;: &quot;bGVmaWdhcm8uZnJfXzFmMDU2NWMzLTZjNGYtNjU3NC05NWNhLTBiZTM0NDk4MjBkM19fQXJ0aWNsZQ==_Val\u00e9rie P\u00e9cresse mobilise les maires franciliens pour d\u00e9fendre son \u00abbouclier de s\u00e9curit\u00e9\u00bb_737&quot;, &quot;customIDSPE&quot;: &quot;bGVmaWdhcm8uZnJfXzFmMDU2NWMzLTZjNGYtNjU3NC05NWNhLTBiZTM0NDk4MjBkM19fQXJ0aWNsZQ==&quot;, &quot;event&quot;: &quot;customEventSPE&quot;}\" rel=\"nofollow noopener\" target=\"_blank\"><br \/>\n                    Connectez-vous<br \/>\n                <\/a>\n            <\/p>\n","protected":false},"excerpt":{"rendered":"D\u00c9CRYPTAGE &#8211; Menac\u00e9e par une d\u00e9cision imminente du tribunal administratif, la pr\u00e9sidente d\u2019\u00cele-de-France compte sur les \u00e9lus locaux&hellip;\n","protected":false},"author":2,"featured_media":218779,"comment_status":"","ping_status":"","sticky":false,"template":"","format":"standard","meta":{"footnotes":""},"categories":[1592],"tags":[1111,11,426,427,7331,422,423,1777,674,1011,27,418,662,424,425,420,421,12,419,626,316,429,25,656,428,2328],"class_list":{"0":"post-218778","1":"post","2":"type-post","3":"status-publish","4":"format-standard","5":"has-post-thumbnail","7":"category-ile-de-france","8":"tag-actu","9":"tag-actualites","10":"tag-candidat","11":"tag-candidats","12":"tag-collectivites-locales","13":"tag-depute","14":"tag-deputes","15":"tag-eu","16":"tag-europe","17":"tag-fr","18":"tag-france","19":"tag-gouvernement","20":"tag-ile-de-france","21":"tag-institution","22":"tag-institutions","23":"tag-loi","24":"tag-lois","25":"tag-news","26":"tag-opposition","27":"tag-paris","28":"tag-politique","29":"tag-ps","30":"tag-republique-francaise","31":"tag-securite","32":"tag-ump","33":"tag-valerie-pecresse"},"share_on_mastodon":{"url":"https:\/\/pubeurope.com\/@fr\/114779365346510939","error":""},"_links":{"self":[{"href":"https:\/\/www.europesays.com\/fr\/wp-json\/wp\/v2\/posts\/218778","targetHints":{"allow":["GET"]}}],"collection":[{"href":"https:\/\/www.europesays.com\/fr\/wp-json\/wp\/v2\/posts"}],"about":[{"href":"https:\/\/www.europesays.com\/fr\/wp-json\/wp\/v2\/types\/post"}],"author":[{"embeddable":true,"href":"https:\/\/www.europesays.com\/fr\/wp-json\/wp\/v2\/users\/2"}],"replies":[{"embeddable":true,"href":"https:\/\/www.europesays.com\/fr\/wp-json\/wp\/v2\/comments?post=218778"}],"version-history":[{"count":0,"href":"https:\/\/www.europesays.com\/fr\/wp-json\/wp\/v2\/posts\/218778\/revisions"}],"wp:featuredmedia":[{"embeddable":true,"href":"https:\/\/www.europesays.com\/fr\/wp-json\/wp\/v2\/media\/218779"}],"wp:attachment":[{"href":"https:\/\/www.europesays.com\/fr\/wp-json\/wp\/v2\/media?parent=218778"}],"wp:term":[{"taxonomy":"category","embeddable":true,"href":"https:\/\/www.europesays.com\/fr\/wp-json\/wp\/v2\/categories?post=218778"},{"taxonomy":"post_tag","embeddable":true,"href":"https:\/\/www.europesays.com\/fr\/wp-json\/wp\/v2\/tags?post=218778"}],"curies":[{"name":"wp","href":"https:\/\/api.w.org\/{rel}","templated":true}]}}