{"id":21878,"date":"2025-04-13T09:55:12","date_gmt":"2025-04-13T09:55:12","guid":{"rendered":"https:\/\/www.europesays.com\/fr\/21878\/"},"modified":"2025-04-13T09:55:12","modified_gmt":"2025-04-13T09:55:12","slug":"le-tour-du-monde-dursula-von-der-leyen-pour-sauver-le-marche-europeen","status":"publish","type":"post","link":"https:\/\/www.europesays.com\/fr\/21878\/","title":{"rendered":"Le tour du monde d&rsquo;Ursula von der Leyen pour sauver le march\u00e9 europ\u00e9en"},"content":{"rendered":"<p>Autant la r\u00e9ponse europ\u00e9enne \u00e0 la politique am\u00e9ricaine est prudente, autant la diplomatie commerciale de la pr\u00e9sidente de la Commission europ\u00e9enne s&rsquo;av\u00e8re tr\u00e9pidante. Depuis son voyage surprise \u00e0 Montevideo (Uruguay) pour signer le si d\u00e9cri\u00e9 accord du <a href=\"https:\/\/www.latribune.fr\/economie\/international\/les-droits-de-douane-de-trump-fragilisent-l-opposition-francaise-au-mercosur-1022125.html\" target=\"_blank\" rel=\"noopener\">Mercosur<\/a>, l&rsquo;Allemande se d\u00e9m\u00e8ne. La liste de ses d\u00e9placements des derniers mois est impressionnante.<\/p>\n<p>En d\u00e9cembre, elle s&rsquo;\u00e9tait rendue \u00e0 Ankara en Turquie rencontrer le pr\u00e9sident Erdogan, puis en Suisse pour signer une s\u00e9rie d&rsquo;accords consid\u00e9rables qui restaient en suspens depuis treize ans. En janvier, alors que le commissaire en charge du commerce, Maros Sefcovic, actait au <a href=\"https:\/\/www.latribune.fr\/la-tribune-dimanche\/dans-le-monde\/125-000-disparus-au-mexique-les-familles-a-la-poursuite-de-la-verite-1021754.html\" target=\"_blank\" rel=\"noopener\">Mexique<\/a> une coop\u00e9ration renforc\u00e9e, elle se pr\u00e9parait pour une semaine d&rsquo;entretiens au Forum \u00e9conomique mondial de Davos. \u00c0 peine rentr\u00e9e, elle s&rsquo;envolait pour la Jordanie. Mi-f\u00e9vrier, direction les Cara\u00efbes pour signer divers accords de coop\u00e9ration industrielle, dans la pharmacie ou l&rsquo;hydrog\u00e8ne.<\/p>\n","protected":false},"excerpt":{"rendered":"Autant la r\u00e9ponse europ\u00e9enne \u00e0 la politique am\u00e9ricaine est prudente, autant la diplomatie commerciale de la pr\u00e9sidente de&hellip;\n","protected":false},"author":2,"featured_media":21879,"comment_status":"","ping_status":"","sticky":false,"template":"","format":"standard","meta":{"footnotes":""},"categories":[1586],"tags":[17,11,8158,8160,1777,674,1779,1011,27,3102,8161,74,12,471,25,3584,1778,364,8159],"class_list":{"0":"post-21878","1":"post","2":"type-post","3":"status-publish","4":"format-standard","5":"has-post-thumbnail","7":"category-europe","8":"tag-17","9":"tag-actualites","10":"tag-dursula","11":"tag-der","12":"tag-eu","13":"tag-europe","14":"tag-european-union","15":"tag-fr","16":"tag-france","17":"tag-la-tribune-dimanche","18":"tag-leyen","19":"tag-monde","20":"tag-news","21":"tag-pour","22":"tag-republique-francaise","23":"tag-tour","24":"tag-ue","25":"tag-union-europeenne","26":"tag-von"},"share_on_mastodon":{"url":"https:\/\/pubeurope.com\/@fr\/114330057049902127","error":""},"_links":{"self":[{"href":"https:\/\/www.europesays.com\/fr\/wp-json\/wp\/v2\/posts\/21878","targetHints":{"allow":["GET"]}}],"collection":[{"href":"https:\/\/www.europesays.com\/fr\/wp-json\/wp\/v2\/posts"}],"about":[{"href":"https:\/\/www.europesays.com\/fr\/wp-json\/wp\/v2\/types\/post"}],"author":[{"embeddable":true,"href":"https:\/\/www.europesays.com\/fr\/wp-json\/wp\/v2\/users\/2"}],"replies":[{"embeddable":true,"href":"https:\/\/www.europesays.com\/fr\/wp-json\/wp\/v2\/comments?post=21878"}],"version-history":[{"count":0,"href":"https:\/\/www.europesays.com\/fr\/wp-json\/wp\/v2\/posts\/21878\/revisions"}],"wp:featuredmedia":[{"embeddable":true,"href":"https:\/\/www.europesays.com\/fr\/wp-json\/wp\/v2\/media\/21879"}],"wp:attachment":[{"href":"https:\/\/www.europesays.com\/fr\/wp-json\/wp\/v2\/media?parent=21878"}],"wp:term":[{"taxonomy":"category","embeddable":true,"href":"https:\/\/www.europesays.com\/fr\/wp-json\/wp\/v2\/categories?post=21878"},{"taxonomy":"post_tag","embeddable":true,"href":"https:\/\/www.europesays.com\/fr\/wp-json\/wp\/v2\/tags?post=21878"}],"curies":[{"name":"wp","href":"https:\/\/api.w.org\/{rel}","templated":true}]}}