{"id":218786,"date":"2025-07-01T18:24:10","date_gmt":"2025-07-01T18:24:10","guid":{"rendered":"https:\/\/www.europesays.com\/fr\/218786\/"},"modified":"2025-07-01T18:24:10","modified_gmt":"2025-07-01T18:24:10","slug":"un-quart-des-vols-a-paris-annules-jeudi-les-aeroports-du-sud-tres-touches-liberation","status":"publish","type":"post","link":"https:\/\/www.europesays.com\/fr\/218786\/","title":{"rendered":"un quart des vols \u00e0 Paris annul\u00e9s jeudi, les a\u00e9roports du Sud tr\u00e8s touch\u00e9s \u2013 Lib\u00e9ration"},"content":{"rendered":"<p class=\"sc-ksZaOG ehjQrN text-element\">A l\u2019or\u00e9e des vacances scolaires d\u2019\u00e9t\u00e9, ce mouvement social d\u00e9clench\u00e9 par les deuxi\u00e8me et troisi\u00e8me syndicats d\u2019aiguilleurs du ciel affectera particuli\u00e8rement les a\u00e9roports du sud de la France, la DGAC annon\u00e7ant une r\u00e9duction de moiti\u00e9 des programmes de vol \u00e0 Nice, le troisi\u00e8me a\u00e9roport fran\u00e7ais, ainsi qu\u2019\u00e0 Bastia et Calvi, en Corse.<\/p>\n<p class=\"sc-ksZaOG ehjQrN text-element\"><b>Plus d\u2019informations \u00e0 venir\u2026<\/b><\/p>\n","protected":false},"excerpt":{"rendered":"A l\u2019or\u00e9e des vacances scolaires d\u2019\u00e9t\u00e9, ce mouvement social d\u00e9clench\u00e9 par les deuxi\u00e8me et troisi\u00e8me syndicats d\u2019aiguilleurs du&hellip;\n","protected":false},"author":2,"featured_media":218787,"comment_status":"","ping_status":"","sticky":false,"template":"","format":"standard","meta":{"footnotes":""},"categories":[1888],"tags":[11,1777,674,1011,27,18677,12,626,25],"class_list":{"0":"post-218786","1":"post","2":"type-post","3":"status-publish","4":"format-standard","5":"has-post-thumbnail","7":"category-paris","8":"tag-actualites","9":"tag-eu","10":"tag-europe","11":"tag-fr","12":"tag-france","13":"tag-greves","14":"tag-news","15":"tag-paris","16":"tag-republique-francaise"},"share_on_mastodon":{"url":"","error":""},"_links":{"self":[{"href":"https:\/\/www.europesays.com\/fr\/wp-json\/wp\/v2\/posts\/218786","targetHints":{"allow":["GET"]}}],"collection":[{"href":"https:\/\/www.europesays.com\/fr\/wp-json\/wp\/v2\/posts"}],"about":[{"href":"https:\/\/www.europesays.com\/fr\/wp-json\/wp\/v2\/types\/post"}],"author":[{"embeddable":true,"href":"https:\/\/www.europesays.com\/fr\/wp-json\/wp\/v2\/users\/2"}],"replies":[{"embeddable":true,"href":"https:\/\/www.europesays.com\/fr\/wp-json\/wp\/v2\/comments?post=218786"}],"version-history":[{"count":0,"href":"https:\/\/www.europesays.com\/fr\/wp-json\/wp\/v2\/posts\/218786\/revisions"}],"wp:featuredmedia":[{"embeddable":true,"href":"https:\/\/www.europesays.com\/fr\/wp-json\/wp\/v2\/media\/218787"}],"wp:attachment":[{"href":"https:\/\/www.europesays.com\/fr\/wp-json\/wp\/v2\/media?parent=218786"}],"wp:term":[{"taxonomy":"category","embeddable":true,"href":"https:\/\/www.europesays.com\/fr\/wp-json\/wp\/v2\/categories?post=218786"},{"taxonomy":"post_tag","embeddable":true,"href":"https:\/\/www.europesays.com\/fr\/wp-json\/wp\/v2\/tags?post=218786"}],"curies":[{"name":"wp","href":"https:\/\/api.w.org\/{rel}","templated":true}]}}