{"id":218807,"date":"2025-07-01T18:37:08","date_gmt":"2025-07-01T18:37:08","guid":{"rendered":"https:\/\/www.europesays.com\/fr\/218807\/"},"modified":"2025-07-01T18:37:08","modified_gmt":"2025-07-01T18:37:08","slug":"un-premier-titre-pour-krattiger-dillier-rts-ch","status":"publish","type":"post","link":"https:\/\/www.europesays.com\/fr\/218807\/","title":{"rendered":"Un premier titre pour Krattiger\/Dillier &#8211; rts.ch"},"content":{"rendered":"\n<p>Marco Krattiger et Leo Dillier ont cueilli \u00e0 Stare Jablonki en Pologne leur premier titre sur le Pro Tour en s&rsquo;imposant 25-23 16-21 16-14.<\/p>\n<p>Le Thurgovien et l&rsquo;Argovien ont battu les Polonais Bartosz Losiak\/Michal Bryl en finale de ce tournoi Challenge, deuxi\u00e8me \u00e9chelon sur le circuit professionnel apr\u00e8s les tournois estampill\u00e9s Elite16.\u00a0<\/p>\n<p class=\"sources\">ats\/efas<\/p>\n<p>   Publi\u00e9 dimanche \u00e0 18:52   Modifi\u00e9 dimanche \u00e0 18:59  <\/p>\n","protected":false},"excerpt":{"rendered":"Marco Krattiger et Leo Dillier ont cueilli \u00e0 Stare Jablonki en Pologne leur premier titre sur le Pro&hellip;\n","protected":false},"author":2,"featured_media":218808,"comment_status":"","ping_status":"","sticky":false,"template":"","format":"standard","meta":{"footnotes":""},"categories":[1417],"tags":[3062,35802,27306,1011,27,35803,35804,35805,2437,517,60,9621,1470,1632,1469],"class_list":{"0":"post-218807","1":"post","2":"type-post","3":"status-publish","4":"format-standard","5":"has-post-thumbnail","7":"category-volley","8":"tag-autres-sports","9":"tag-bartosz-losiak","10":"tag-beach-volley","11":"tag-fr","12":"tag-france","13":"tag-leo-dillier","14":"tag-marco-krattiger","15":"tag-michal-bryl","16":"tag-pologne","17":"tag-sport","18":"tag-sports","19":"tag-tournoi","20":"tag-volley","21":"tag-volley-ball","22":"tag-volleyball"},"share_on_mastodon":{"url":"https:\/\/pubeurope.com\/@fr\/114779432134314274","error":""},"_links":{"self":[{"href":"https:\/\/www.europesays.com\/fr\/wp-json\/wp\/v2\/posts\/218807","targetHints":{"allow":["GET"]}}],"collection":[{"href":"https:\/\/www.europesays.com\/fr\/wp-json\/wp\/v2\/posts"}],"about":[{"href":"https:\/\/www.europesays.com\/fr\/wp-json\/wp\/v2\/types\/post"}],"author":[{"embeddable":true,"href":"https:\/\/www.europesays.com\/fr\/wp-json\/wp\/v2\/users\/2"}],"replies":[{"embeddable":true,"href":"https:\/\/www.europesays.com\/fr\/wp-json\/wp\/v2\/comments?post=218807"}],"version-history":[{"count":0,"href":"https:\/\/www.europesays.com\/fr\/wp-json\/wp\/v2\/posts\/218807\/revisions"}],"wp:featuredmedia":[{"embeddable":true,"href":"https:\/\/www.europesays.com\/fr\/wp-json\/wp\/v2\/media\/218808"}],"wp:attachment":[{"href":"https:\/\/www.europesays.com\/fr\/wp-json\/wp\/v2\/media?parent=218807"}],"wp:term":[{"taxonomy":"category","embeddable":true,"href":"https:\/\/www.europesays.com\/fr\/wp-json\/wp\/v2\/categories?post=218807"},{"taxonomy":"post_tag","embeddable":true,"href":"https:\/\/www.europesays.com\/fr\/wp-json\/wp\/v2\/tags?post=218807"}],"curies":[{"name":"wp","href":"https:\/\/api.w.org\/{rel}","templated":true}]}}