{"id":218821,"date":"2025-07-01T18:45:14","date_gmt":"2025-07-01T18:45:14","guid":{"rendered":"https:\/\/www.europesays.com\/fr\/218821\/"},"modified":"2025-07-01T18:45:14","modified_gmt":"2025-07-01T18:45:14","slug":"jenifer-fait-partie-de-nouveau-jour-sur-m6-et-vous-ne-laviez-meme-pas-remarquee","status":"publish","type":"post","link":"https:\/\/www.europesays.com\/fr\/218821\/","title":{"rendered":"Jenifer fait partie de \u00ab\u00a0Nouveau Jour\u00a0\u00bb sur M6 et vous ne l\u2019aviez m\u00eame pas remarqu\u00e9e"},"content":{"rendered":"<p><a href=\"https:\/\/www.public.fr\/tag\/jenifer\" target=\"_blank\" rel=\"noopener\">Jenifer Bartoli<\/a> dans <strong>\u00ab\u00a0Nouveau jour\u00a0\u00bb<\/strong>, aux c\u00f4t\u00e9s d\u2019<a href=\"https:\/\/www.public.fr\/tag\/helena-noguerra\" target=\"_blank\" rel=\"noopener\">H\u00e9l\u00e9na Noguerra<\/a>, Bruno Solo, ou encore <a href=\"https:\/\/www.public.fr\/tag\/laetitia-milot\" target=\"_blank\" rel=\"noopener\">La\u00ebtitia Milot<\/a>. Presque. En effet, si vous avez suivi le premier \u00e9pisode de la nouvelle s\u00e9rie de M6 ce lundi 30 juin 2025, vous n\u2019avez pas r\u00e9ussi \u00e0 observer la gagnante de la premi\u00e8re saison de la <strong>\u00ab\u00a0Star Academy\u00a0\u00bb.<\/strong> Pourtant, elle en fait bel et bien partie\u2026 d\u2019une certaine mani\u00e8re.<\/p>\n<p>C\u2019est en tout cas ce qu\u2019ont remarqu\u00e9 nos confr\u00e8res de <a href=\"https:\/\/www.ozap.com\/actu\/nouveau-jour-le-lien-etonnant-entre-la-nouvelle-serie-quotidienne-de-m6-et-jenifer\/650632\" target=\"_blank\" rel=\"noopener\">Purem\u00e9dias<\/a>. Mais alors, de quelle fa\u00e7on l\u2019interpr\u00e8te de <strong>\u00ab\u00a0Au soleil\u00a0\u00bb<\/strong> appara\u00eet dans cette nouvelle s\u00e9rie tourn\u00e9e \u00e0 Montpellier ? Par son nom \u00ab\u00a0Bartoli\u00a0\u00bb.<\/p>\n<p>De quoi parle la s\u00e9rie ? <\/p>\n<p>En effet, comme l\u2019indique le m\u00e9dia, dans la s\u00e9rie <strong>\u00ab\u00a0Nouveau jour\u00a0\u00bb<\/strong>, les t\u00e9l\u00e9spectateurs peuvent suivre \u00ab\u00a0les aventures mouvement\u00e9es de Louise Bartoli de l\u2019h\u00f4tel familial qu\u2019elle dirige d\u2019une main de fer mais aussi de tout son clan\u00a0\u00bb. Un h\u00f4tel, qui porte \u00e9galement le nom \u00ab\u00a0Bartoli\u00a0\u00bb.<\/p>\n<p>M\u00eame si elle dirige un h\u00f4tel de luxe, le personnage interpr\u00e9t\u00e9 par H\u00e9l\u00e9na Noguerra est en froid avec sa s\u0153ur Audrey, alors que \u00ab\u00a0leur p\u00e8re a disparu en mer un an plut\u00f4t\u00a0\u00bb. \u00ab\u00a0Ensuite et surtout parce qu\u2019un \u00e9trange corbeau semble vouloir se jouer d\u2019elle et de son fils Gabriel (Jean-Baptiste Maunier) depuis la c\u00e9l\u00e9bration de son mariage avec Aur\u00e8le (Alexandre Varga)\u00a0\u00bb, indique Purem\u00e9dias au sujet du synopsis de la s\u00e9rie.<\/p>\n<p>Jenifer \u00ab\u00a0pr\u00e9sente\u00a0\u00bb dans \u00ab\u00a0Nouveau jour\u00a0\u00bb<\/p>\n<p>Dans ces aventures, Jenifer n\u2019appara\u00eet pas. N\u00e9anmoins, les t\u00e9l\u00e9spectateurs ont pu faire un lien avec le nom du personnage interpr\u00e9t\u00e9 par H\u00e9l\u00e9na Noguerra et l\u2019h\u00f4tel qu\u2019elle dirige. Si depuis toujours, Jenifer a opt\u00e9 pour son pr\u00e9nom pour son nom de sc\u00e8ne, ses fans savent que son nom de famille est \u00ab\u00a0Bartoli\u00a0\u00bb, comme le personnage principal de la s\u00e9rie <strong>\u00ab\u00a0Nouveau jour\u00a0\u00bb<\/strong>. Et ce point commun n\u2019est pas un hasard.\u00a0<\/p>\n<p>\u00ab\u00a0Selon la production, <strong>si le choix s\u2019est port\u00e9 sur le nom de Bartoli c\u2019est bel et bien en r\u00e9f\u00e9rence \u00e0 Jenifer Bartoli<\/strong>, la chanteuse r\u00e9v\u00e9l\u00e9e par la toute premi\u00e8re \u00e9dition de la \u201cStar Academy\u201d et coach de \u201cThe Voice\u201d et de \u201cThe Voice Kids\u201d, dont le cr\u00e9ateur est particuli\u00e8rement fan. Reste \u00e0 savoir si l\u2019artiste appr\u00e9ciera cet \u00e9tonnant clin d\u2019\u0153il\u00a0\u00bb, indiquent en effet nos confr\u00e8res.<\/p>\n<p>Reste \u00e0 savoir si le cr\u00e9ateur de la s\u00e9rie va aller jusqu\u2019au bout et tenter de convier Jenifer \u00e0 faire une apparition dans la s\u00e9rie qui l\u2019a inspir\u00e9 au niveau du nom du personnage principal et de l\u2019h\u00f4tel dirig\u00e9 par celui-ci.\u00a0<\/p>\n<p>      Mentionn\u00e9s dans cet article<\/p>\n<p>\u00c0 lire aussi<\/p>\n","protected":false},"excerpt":{"rendered":"Jenifer Bartoli dans \u00ab\u00a0Nouveau jour\u00a0\u00bb, aux c\u00f4t\u00e9s d\u2019H\u00e9l\u00e9na Noguerra, Bruno Solo, ou encore La\u00ebtitia Milot. Presque. En effet,&hellip;\n","protected":false},"author":2,"featured_media":218822,"comment_status":"","ping_status":"","sticky":false,"template":"","format":"standard","meta":{"footnotes":""},"categories":[1359],"tags":[58,59,1011,27,9293,3284,10839,494,973,5095],"class_list":{"0":"post-218821","1":"post","2":"type-post","3":"status-publish","4":"format-standard","5":"has-post-thumbnail","7":"category-people","8":"tag-divertissement","9":"tag-entertainment","10":"tag-fr","11":"tag-france","12":"tag-helena-noguerra","13":"tag-jenifer","14":"tag-laetitia-milot","15":"tag-m6","16":"tag-people","17":"tag-star-academy"},"share_on_mastodon":{"url":"https:\/\/pubeurope.com\/@fr\/114779463674650839","error":""},"_links":{"self":[{"href":"https:\/\/www.europesays.com\/fr\/wp-json\/wp\/v2\/posts\/218821","targetHints":{"allow":["GET"]}}],"collection":[{"href":"https:\/\/www.europesays.com\/fr\/wp-json\/wp\/v2\/posts"}],"about":[{"href":"https:\/\/www.europesays.com\/fr\/wp-json\/wp\/v2\/types\/post"}],"author":[{"embeddable":true,"href":"https:\/\/www.europesays.com\/fr\/wp-json\/wp\/v2\/users\/2"}],"replies":[{"embeddable":true,"href":"https:\/\/www.europesays.com\/fr\/wp-json\/wp\/v2\/comments?post=218821"}],"version-history":[{"count":0,"href":"https:\/\/www.europesays.com\/fr\/wp-json\/wp\/v2\/posts\/218821\/revisions"}],"wp:featuredmedia":[{"embeddable":true,"href":"https:\/\/www.europesays.com\/fr\/wp-json\/wp\/v2\/media\/218822"}],"wp:attachment":[{"href":"https:\/\/www.europesays.com\/fr\/wp-json\/wp\/v2\/media?parent=218821"}],"wp:term":[{"taxonomy":"category","embeddable":true,"href":"https:\/\/www.europesays.com\/fr\/wp-json\/wp\/v2\/categories?post=218821"},{"taxonomy":"post_tag","embeddable":true,"href":"https:\/\/www.europesays.com\/fr\/wp-json\/wp\/v2\/tags?post=218821"}],"curies":[{"name":"wp","href":"https:\/\/api.w.org\/{rel}","templated":true}]}}