{"id":218886,"date":"2025-07-01T19:21:08","date_gmt":"2025-07-01T19:21:08","guid":{"rendered":"https:\/\/www.europesays.com\/fr\/218886\/"},"modified":"2025-07-01T19:21:08","modified_gmt":"2025-07-01T19:21:08","slug":"pourquoi-la-canicule-fait-completement-dysfonctionner-le-reseau-tbm-a-bordeaux","status":"publish","type":"post","link":"https:\/\/www.europesays.com\/fr\/218886\/","title":{"rendered":"Pourquoi la canicule fait compl\u00e8tement dysfonctionner le r\u00e9seau TBM \u00e0 Bordeaux"},"content":{"rendered":"<p>            Par<br \/>\n        <strong><br \/>\n            <a href=\"https:\/\/actu.fr\/auteur\/juliette-cardinale\" title=\"Consulter tous les articles de Juliette Cardinale\" rel=\"nofollow noopener\" target=\"_blank\">Juliette Cardinale<\/a><br \/>\n        <\/strong><\/p>\n<p>        Publi\u00e9 le<\/p>\n<p>            1 juil. 2025 \u00e0 18h56        <\/p>\n<p>D\u00e9parts de bus non assur\u00e9s, information non disponible sur les panneaux lumineux, <strong>temps d\u2019attente qui s\u2019allongent<\/strong> dans les trams\u2026 <a href=\"https:\/\/actu.fr\/nouvelle-aquitaine\/bordeaux_33063\/la-vague-de-chaleur-s-intensifie-en-gironde-le-departement-passe-en-alerte-orange-canicule_62839730.html\" rel=\"nofollow noopener\" target=\"_blank\">\u00c0 l\u2019atmosph\u00e8re suffocante de Bordeaux,<\/a> les voyageurs doivent ajouter quelques d\u00e9sagr\u00e9ments <a href=\"https:\/\/actu.fr\/tag\/tbm\" rel=\"nofollow noopener\" target=\"_blank\">sur le r\u00e9seau TBM<\/a> en cette fin juin et d\u00e9but juillet\u00a02025. On vous explique.<\/p>\n<p class=\" wall-content\">\u00ab\u2009Le r\u00e9seau de transport TBM subit actuellement <strong>des perturbations importantes,<\/strong> principalement dues aux fortes chaleurs qui affectent le personnel, les v\u00e9hicules et les infrastructures depuis la fin de journ\u00e9e d\u2019hier\u2009\u00bb, souligne Keolis Bordeaux M\u00e9tropole, op\u00e9rateur du r\u00e9seau, \u00e0 <a href=\"https:\/\/actu.fr\/bordeaux\/\" rel=\"nofollow noopener\" target=\"_blank\">actu Bordeaux<\/a> ce mardi 1er juillet.<\/p>\n<p>Environ un tiers des bus immobilis\u00e9s<\/p>\n<p class=\" wall-content\">Sur le r\u00e9seau de bus, l\u2019impact est particuli\u00e8rement visible. Sur 340 bus en service lundi apr\u00e8s-midi, <strong>plus de 100 bus ont d\u00fb \u00eatre immobilis\u00e9s.<\/strong> Ce mardi, ce sont 78 bus sur les 338 en circulation qui sont \u00e0 l\u2019arr\u00eat.<\/p>\n<p class=\" wall-content\">\u00ab\u2009Ces interruptions ne sont pas caus\u00e9es par des pannes, mais par des arr\u00eats automatiques des syst\u00e8mes de climatisation, soit en raison de <strong>temp\u00e9ratures excessives sur le toit des bus,<\/strong> soit parce que les syst\u00e8mes de climatisation ne parviennent pas \u00e0 refroidir suffisamment les v\u00e9hicules\u2009\u00bb, d\u00e9taille KBM.<\/p>\n<p class=\" wall-content\">Ces perturbations touchent forc\u00e9ment\u00a0<strong>les bus les plus anciens<\/strong>.\u00a0<a href=\"https:\/\/actu.fr\/nouvelle-aquitaine\/bordeaux_33063\/trois-mois-apres-l-arrivee-du-premier-bus-express-de-la-metropole-de-bordeaux-qu-en-pensent-les-usagers_61504726.html\" rel=\"nofollow noopener\" target=\"_blank\">Sur la r\u00e9cente ligne G,<\/a> par exemple, tous les bus sont disponibles rappelle l\u2019op\u00e9rateur.<\/p>\n<p class=\" wall-content\">Dans les trams aussi, les fortes temp\u00e9ratures se ressentent \u00e0 plusieurs niveaux. \u00c0 bord des rames, d\u00e9j\u00e0, o\u00f9 <a href=\"https:\/\/x.com\/Medelguer\/status\/1933097040411603179\" rel=\"nofollow\">les climatisations<\/a> sont programm\u00e9es pour proposer une <strong>diff\u00e9rence maximale de 6 degr\u00e9s<\/strong> avec l\u2019ext\u00e9rieur.<\/p>\n<p class=\" wall-content\">Mais la chaleur cause \u00e9galement diff\u00e9rents probl\u00e8mes sur les infrastructures, \u00ab\u2009tels que des <strong>dysfonctionnements des compteurs d\u2019essieux\u2009\u00bb,<\/strong> qui servent \u00e0 d\u00e9terminer si une section de la voie est libre. Les temps d\u2019attente peuvent alors consid\u00e9rablement s\u2019allonger entre le passage de deux trams, comme de nombreux usagers <a href=\"https:\/\/x.com\/BIue_Rain\/status\/1939732363405152755\" rel=\"nofollow\">l\u2019ont constat\u00e9 ce lundi soir sur la ligne B.<\/a><\/p>\n<p class=\" wall-content\">\u00ab\u2009Nos \u00e9quipes restent pleinement mobilis\u00e9es pour maintenir le service, notamment en redistribuant les v\u00e9hicules neufs et anciens sur les diff\u00e9rentes lignes et en apportant un soutien sur le terrain aux conducteurs\u2009\u00bb, assure KBM qui invite les voyageurs \u00e0 <strong>limiter les d\u00e9placements<\/strong> lors des <a href=\"https:\/\/actu.fr\/tag\/vague-de-chaleur\" rel=\"nofollow noopener\" target=\"_blank\">pics de chaleur<\/a>.<\/p>\n<p class=\" wall-content\">Suivez toute l\u2019actualit\u00e9 de vos villes et m\u00e9dias favoris en vous inscrivant \u00e0 <a href=\"https:\/\/moncompte.actu.fr\" title=\"D\u00e9couvez Mon Actu\" rel=\"nofollow noopener\" data-trk=\"{&quot;cta&quot;:{&quot;action&quot;:&quot;https:\\\/\\\/moncompte.actu.fr&quot;,&quot;category&quot;:&quot;mon compte&quot;,&quot;from&quot;:&quot;article footer&quot;,&quot;name&quot;:&quot;Mon actu&quot;,&quot;type&quot;:&quot;cta&quot;}}\" target=\"_blank\">Mon Actu<\/a>.<\/p>\n","protected":false},"excerpt":{"rendered":"Par Juliette Cardinale Publi\u00e9 le 1 juil. 2025 \u00e0 18h56 D\u00e9parts de bus non assur\u00e9s, information non disponible&hellip;\n","protected":false},"author":2,"featured_media":218887,"comment_status":"","ping_status":"","sticky":false,"template":"","format":"standard","meta":{"footnotes":""},"categories":[2817],"tags":[1111,11,1997,6698,1777,674,1011,27,12,2219,25,104,7952,2803],"class_list":{"0":"post-218886","1":"post","2":"type-post","3":"status-publish","4":"format-standard","5":"has-post-thumbnail","7":"category-bordeaux","8":"tag-actu","9":"tag-actualites","10":"tag-bordeaux","11":"tag-canicule","12":"tag-eu","13":"tag-europe","14":"tag-fr","15":"tag-france","16":"tag-news","17":"tag-nouvelle-aquitaine","18":"tag-republique-francaise","19":"tag-societe","20":"tag-tbm","21":"tag-transport"},"share_on_mastodon":{"url":"https:\/\/pubeurope.com\/@fr\/114779605142472809","error":""},"_links":{"self":[{"href":"https:\/\/www.europesays.com\/fr\/wp-json\/wp\/v2\/posts\/218886","targetHints":{"allow":["GET"]}}],"collection":[{"href":"https:\/\/www.europesays.com\/fr\/wp-json\/wp\/v2\/posts"}],"about":[{"href":"https:\/\/www.europesays.com\/fr\/wp-json\/wp\/v2\/types\/post"}],"author":[{"embeddable":true,"href":"https:\/\/www.europesays.com\/fr\/wp-json\/wp\/v2\/users\/2"}],"replies":[{"embeddable":true,"href":"https:\/\/www.europesays.com\/fr\/wp-json\/wp\/v2\/comments?post=218886"}],"version-history":[{"count":0,"href":"https:\/\/www.europesays.com\/fr\/wp-json\/wp\/v2\/posts\/218886\/revisions"}],"wp:featuredmedia":[{"embeddable":true,"href":"https:\/\/www.europesays.com\/fr\/wp-json\/wp\/v2\/media\/218887"}],"wp:attachment":[{"href":"https:\/\/www.europesays.com\/fr\/wp-json\/wp\/v2\/media?parent=218886"}],"wp:term":[{"taxonomy":"category","embeddable":true,"href":"https:\/\/www.europesays.com\/fr\/wp-json\/wp\/v2\/categories?post=218886"},{"taxonomy":"post_tag","embeddable":true,"href":"https:\/\/www.europesays.com\/fr\/wp-json\/wp\/v2\/tags?post=218886"}],"curies":[{"name":"wp","href":"https:\/\/api.w.org\/{rel}","templated":true}]}}