{"id":218888,"date":"2025-07-01T19:22:11","date_gmt":"2025-07-01T19:22:11","guid":{"rendered":"https:\/\/www.europesays.com\/fr\/218888\/"},"modified":"2025-07-01T19:22:11","modified_gmt":"2025-07-01T19:22:11","slug":"girondins-le-message-dadieu-derwan-lannuzel-a-bordeaux","status":"publish","type":"post","link":"https:\/\/www.europesays.com\/fr\/218888\/","title":{"rendered":"Girondins : le message d&rsquo;adieu d&rsquo;Erwan Lannuzel \u00e0 Bordeaux"},"content":{"rendered":"<p><img decoding=\"async\" src=\"https:\/\/www.europesays.com\/fr\/wp-content\/uploads\/2025\/07\/671_7da2dac54f5b37ef73e51cc6da750956.jpg\" alt=\"Girondins : le message d'adieu d'Erwan Lannuzel \u00e0 Bordeaux\" class=\"img-responsive mt-3\"\/><\/p>\n<p class=\"text-center mb-3\" style=\"font-size: 14px\">\u00a9 Iconsport<\/p>\n<p style=\"text-align: justify;\">Erwan Lannuzel quitte les Girondins apr\u00e8s deux ann\u00e9es difficiles \u00e0 la t\u00eate de la r\u00e9serve des Girondins de Bordeaux (deux rel\u00e9gations) et un contexte tr\u00e8s compliqu\u00e9 sur le plan institutionnel et sportif au club.<\/p>\n<p><strong>\u00ab\u00a0Merci pour ces deux ann\u00e9es en Marine et Blanc\u00a0\u00bb<\/strong><\/p>\n<p style=\"text-align: justify;\">Voici ce qu&rsquo;il a \u00e9crit :<\/p>\n<p style=\"text-align: justify;\"><img decoding=\"async\" src=\"https:\/\/www.europesays.com\/fr\/wp-content\/uploads\/2025\/07\/Capture d\u2019e\u0301cran 2025-07-01 a\u0300 19.43.18.png\" alt=\"Capture d\u2019e\u0301cran 2025-07-01 a\u0300 19.43.18.png (164 KB)\" style=\"width:700px;max-width:100%;\"\/><\/p>\n<p style=\"text-align: justify;\">\u00c0 lire &gt;&gt; <strong><a href=\"https:\/\/www.webgirondins.com\/actualite-girondins-girondins-jeremy-grain-ne-pas-monter-avec-cet-effectif-est-une-faute-professionnelle-129591\" target=\"_blank\" rel=\"noopener\">J\u00e9r\u00e9my Grain : \u00ab\u00a0Ne pas monter avec cet effectif est une faute professionnelle\u00a0\u00bb<\/a><\/strong><\/p>\n<p style=\"text-align: justify;\">Restez Connect\u00e9 aux infos des Girondins de Bordeaux gr\u00e2ce \u00e0 WhatsApp. Ne ratez plus aucune information importante. Rejoignez la<strong> <a href=\"https:\/\/whatsapp.com\/channel\/0029VaDygopCRs1h8xNMgI1y\" target=\"_blank\" rel=\"noopener\">cha\u00eene d&rsquo;information WhatsApp de WebGirondins<\/a><\/strong>. C&rsquo;est gratuit, avec 2 \u00e0 3 infos maximum par jour, r\u00e9sultat, interview, analyses etc.<\/p>\n<p style=\"text-align: justify;\">\u00a0<\/p>\n","protected":false},"excerpt":{"rendered":"\u00a9 Iconsport Erwan Lannuzel quitte les Girondins apr\u00e8s deux ann\u00e9es difficiles \u00e0 la t\u00eate de la r\u00e9serve des&hellip;\n","protected":false},"author":2,"featured_media":218889,"comment_status":"","ping_status":"","sticky":false,"template":"","format":"standard","meta":{"footnotes":""},"categories":[2817],"tags":[1111,11,35806,2562,150,3396,1997,5244,3985,4070,1994,2263,35807,1777,674,31404,1011,27,1987,35808,12889,3238,12,2219,9033,25,18357,25726],"class_list":{"0":"post-218888","1":"post","2":"type-post","3":"status-publish","4":"format-standard","5":"has-post-thumbnail","7":"category-bordeaux","8":"tag-actu","9":"tag-actualites","10":"tag-adieu","11":"tag-annonce","12":"tag-apres","13":"tag-avec","14":"tag-bordeaux","15":"tag-club","16":"tag-depart","17":"tag-deux","18":"tag-entraineur","19":"tag-equipe","20":"tag-erwan","21":"tag-eu","22":"tag-europe","23":"tag-evolue","24":"tag-fr","25":"tag-france","26":"tag-girondins","27":"tag-lannuzel","28":"tag-message","29":"tag-national","30":"tag-news","31":"tag-nouvelle-aquitaine","32":"tag-poste","33":"tag-republique-francaise","34":"tag-reserve","35":"tag-saisons"},"share_on_mastodon":{"url":"https:\/\/pubeurope.com\/@fr\/114779609099045880","error":""},"_links":{"self":[{"href":"https:\/\/www.europesays.com\/fr\/wp-json\/wp\/v2\/posts\/218888","targetHints":{"allow":["GET"]}}],"collection":[{"href":"https:\/\/www.europesays.com\/fr\/wp-json\/wp\/v2\/posts"}],"about":[{"href":"https:\/\/www.europesays.com\/fr\/wp-json\/wp\/v2\/types\/post"}],"author":[{"embeddable":true,"href":"https:\/\/www.europesays.com\/fr\/wp-json\/wp\/v2\/users\/2"}],"replies":[{"embeddable":true,"href":"https:\/\/www.europesays.com\/fr\/wp-json\/wp\/v2\/comments?post=218888"}],"version-history":[{"count":0,"href":"https:\/\/www.europesays.com\/fr\/wp-json\/wp\/v2\/posts\/218888\/revisions"}],"wp:featuredmedia":[{"embeddable":true,"href":"https:\/\/www.europesays.com\/fr\/wp-json\/wp\/v2\/media\/218889"}],"wp:attachment":[{"href":"https:\/\/www.europesays.com\/fr\/wp-json\/wp\/v2\/media?parent=218888"}],"wp:term":[{"taxonomy":"category","embeddable":true,"href":"https:\/\/www.europesays.com\/fr\/wp-json\/wp\/v2\/categories?post=218888"},{"taxonomy":"post_tag","embeddable":true,"href":"https:\/\/www.europesays.com\/fr\/wp-json\/wp\/v2\/tags?post=218888"}],"curies":[{"name":"wp","href":"https:\/\/api.w.org\/{rel}","templated":true}]}}