{"id":218936,"date":"2025-07-01T19:48:09","date_gmt":"2025-07-01T19:48:09","guid":{"rendered":"https:\/\/www.europesays.com\/fr\/218936\/"},"modified":"2025-07-01T19:48:09","modified_gmt":"2025-07-01T19:48:09","slug":"les-comptes-de-la-ligue-de-volley-ball-de-la-martinique-dans-le-rouge","status":"publish","type":"post","link":"https:\/\/www.europesays.com\/fr\/218936\/","title":{"rendered":"Les comptes de la ligue de volley-ball de la Martinique dans le rouge"},"content":{"rendered":"<p style=\"margin-bottom:11px\">La ligue de volley-ball de la Martinique \u00e9tait r\u00e9unie en assembl\u00e9e g\u00e9n\u00e9rale, hier (lundi 30 juin), \u00e0 l\u2019Institut Martiniquais du Sport, au Lamentin.<\/p>\n<p>L\u2019ambiance \u00e9tait pesante tout au tout au long des travaux, un an apr\u00e8s la mise en place du comit\u00e9 directeur de la ligue.<\/p>\n<p>L\u2019avenir s\u2019assombrit pour le volley-ball martiniquais.<\/p>\n<p>Une dette de plus de 150\u00a0000 euros<\/p>\n<p>La lecture du bilan financier 2024 par l\u2019expert-comptable a fait ressortir une dette d\u2019un peu plus de 158 000 euros, due en grande partie \u00e0 des obligations sociales d\u2019un montant de 63 000 euro, \u00e0 laquelle il faut ajouter les dettes fournisseurs.<\/p>\n<p>Une situation qui a contraint les dirigeants de club \u00e0 nommer un commissaire aux comptes pour la saison 2025 et \u00e0 voter dans la foul\u00e9e une demande de redressement judiciaire aupr\u00e8s du tribunal de grande instance lors de l\u2019audience du 22 juillet prochain.<\/p>\n<p>\u00ab\u00a0Changer le mod\u00e8le \u00e9conomique\u00a0\u00bb<\/p>\n<p>Pour <strong>Ma\u00ebva Labylle, la pr\u00e9sidente de la ligue de volley-ball de Martinique<\/strong>, tout le mod\u00e8le \u00e9conomique du sport doit \u00eatre repens\u00e9.<\/p>\n<blockquote>\n<p>Il a fallu qu\u2019on prenne des d\u00e9cisions, acter un changement de cap pour nous permettre, \u00e0 un moment donn\u00e9, de sortir la t\u00eate de l\u2019eau tr\u00e8s s\u00e9rieusement. \u00c7a passe par des choix tr\u00e8s difficiles et on ne pouvait pas les prendre sans en prendre la pleine mesure avec les pr\u00e9sidents de clubs. Nous nous retrouvons \u00e0 devoir changer notre fa\u00e7on de penser les choses. On ne peut plus se reposer sur la collectivit\u00e9, que sur les fonds publics. Nous devons repenser tout le mod\u00e8le \u00e9conomique du sport. Nous faisons le travail au sein de la ligue, en corr\u00e9lation avec les autres ligues, mais aussi avec le CTOSMA. On a besoin de cette unit\u00e9.<\/p>\n<\/blockquote>\n<p>Face \u00e0 la situation, les dirigeants du volley-ball martiniquais esp\u00e8rent obtenir du tribunal de grande instance une p\u00e9riode d\u2019observation encadr\u00e9e pour poursuivre l\u2019activit\u00e9 \u00e0 la prochaine saison.<\/p>\n","protected":false},"excerpt":{"rendered":"La ligue de volley-ball de la Martinique \u00e9tait r\u00e9unie en assembl\u00e9e g\u00e9n\u00e9rale, hier (lundi 30 juin), \u00e0 l\u2019Institut&hellip;\n","protected":false},"author":2,"featured_media":218937,"comment_status":"","ping_status":"","sticky":false,"template":"","format":"standard","meta":{"footnotes":""},"categories":[1417],"tags":[1011,27,60,1470,1469],"class_list":{"0":"post-218936","1":"post","2":"type-post","3":"status-publish","4":"format-standard","5":"has-post-thumbnail","7":"category-volley","8":"tag-fr","9":"tag-france","10":"tag-sports","11":"tag-volley","12":"tag-volleyball"},"share_on_mastodon":{"url":"","error":""},"_links":{"self":[{"href":"https:\/\/www.europesays.com\/fr\/wp-json\/wp\/v2\/posts\/218936","targetHints":{"allow":["GET"]}}],"collection":[{"href":"https:\/\/www.europesays.com\/fr\/wp-json\/wp\/v2\/posts"}],"about":[{"href":"https:\/\/www.europesays.com\/fr\/wp-json\/wp\/v2\/types\/post"}],"author":[{"embeddable":true,"href":"https:\/\/www.europesays.com\/fr\/wp-json\/wp\/v2\/users\/2"}],"replies":[{"embeddable":true,"href":"https:\/\/www.europesays.com\/fr\/wp-json\/wp\/v2\/comments?post=218936"}],"version-history":[{"count":0,"href":"https:\/\/www.europesays.com\/fr\/wp-json\/wp\/v2\/posts\/218936\/revisions"}],"wp:featuredmedia":[{"embeddable":true,"href":"https:\/\/www.europesays.com\/fr\/wp-json\/wp\/v2\/media\/218937"}],"wp:attachment":[{"href":"https:\/\/www.europesays.com\/fr\/wp-json\/wp\/v2\/media?parent=218936"}],"wp:term":[{"taxonomy":"category","embeddable":true,"href":"https:\/\/www.europesays.com\/fr\/wp-json\/wp\/v2\/categories?post=218936"},{"taxonomy":"post_tag","embeddable":true,"href":"https:\/\/www.europesays.com\/fr\/wp-json\/wp\/v2\/tags?post=218936"}],"curies":[{"name":"wp","href":"https:\/\/api.w.org\/{rel}","templated":true}]}}