{"id":218954,"date":"2025-07-01T20:00:12","date_gmt":"2025-07-01T20:00:12","guid":{"rendered":"https:\/\/www.europesays.com\/fr\/218954\/"},"modified":"2025-07-01T20:00:12","modified_gmt":"2025-07-01T20:00:12","slug":"le-groupe-bts-va-faire-son-grand-retour-apres-quatre-ans-de-pause","status":"publish","type":"post","link":"https:\/\/www.europesays.com\/fr\/218954\/","title":{"rendered":"Le groupe BTS va faire son grand retour apr\u00e8s quatre ans de pause"},"content":{"rendered":"<p>        <img decoding=\"async\" loading=\"lazy\" src=\"https:\/\/www.europesays.com\/fr\/wp-content\/uploads\/2025\/07\/ea5d339_upload-1-sm2cl3gdvvlg-063-1354800957.jpg\"  width=\"728\" height=\"409\" alt=\"Le groupe BTS sur sc\u00e8ne, ici \u00e0 Los Angeles, en 2021.\"\/>  <\/p>\n<p>KEVIN WINTER \/ Getty Images via AFP<\/p>\n<p>Le groupe BTS sur sc\u00e8ne, ici \u00e0 Los Angeles, en 2021.<\/p>\n<p class=\"asset asset-text\">MUSIQUE &#8211; Le retour des h\u00e9ros. <a href=\"https:\/\/www.huffingtonpost.fr\/culture\/article\/les-bts-ne-vont-pas-se-reunir-de-sitot-voici-pourquoi_209076.html\" rel=\"nofollow noopener\" target=\"_blank\">Le groupe ph\u00e9nom\u00e8ne<\/a> de K-pop <a href=\"https:\/\/www.huffingtonpost.fr\/culture\/article\/le-leader-de-bts-rm-et-v-commencent-a-leur-tour-leur-service-militaire-en-coree-du-sud_226858.html\" rel=\"nofollow noopener\" target=\"_blank\">BTS<\/a> a annonc\u00e9, ce mardi 1er\u00a0juillet, son retour au <a href=\"https:\/\/www.huffingtonpost.fr\/france\/article\/meteo-il-a-fait-tres-beau-ce-printemps-et-ce-n-est-pas-une-bonne-nouvelle_250921.html\" rel=\"nofollow noopener\" target=\"_blank\">printemps<\/a> 2026, avec un nouvel album et une tourn\u00e9e, suscitant la fr\u00e9n\u00e9sie de leurs millions de fans qui attendaient impatiemment ce come-back.<\/p>\n<p class=\"asset asset-text\">\u00ab\u00a0Notre album sortira officiellement au printemps prochain\u00a0\u00bb, a annonc\u00e9 le leader du groupe RM sur la plateforme Weverse au cours d\u2019un live, expliquant que le groupe partirait ensuite \u00ab\u00a0bien \u00e9videmment\u00a0\u00bb en tourn\u00e9e \u00ab\u00a0tout autour du globe\u00a0\u00bb.<\/p>\n<p class=\"asset asset-text\">Le septuor, qui a fait ses d\u00e9buts en 2013, est devenu la premi\u00e8re formation sud-cor\u00e9enne \u00e0 dominer les classements musicaux am\u00e9ricains et \u00e0 constituer une communaut\u00e9 mondiale de fans, appel\u00e9e \u00ab\u00a0ARMY\u00a0\u00bb.<\/p>\n<p>    0,2\u00a0% du PIB de la Cor\u00e9e du Sud    <\/p>\n<p class=\"asset asset-text\">Mais en Cor\u00e9e du Sud, tous les hommes valides de moins de 30\u00a0ans sont appel\u00e9s au moins 18 mois sous les drapeaux en raison des tensions avec le Nord, une obligation qui a forc\u00e9 le boys band \u00e0 marquer une pause en 2022.<\/p>\n<p class=\"asset asset-text\">Les diff\u00e9rents membres du groupe se retrouveront aux \u00c9tats-Unis \u00e0 partir de juillet pour commencer la production de ce nouvel album, le premier depuis Proof en 2022 qui s\u2019\u00e9tait vendu \u00e0 3,5\u00a0millions d\u2019exemplaires en Cor\u00e9e du Sud cette ann\u00e9e-l\u00e0.<\/p>\n<p class=\"asset asset-text\">Le retour de BTS est une \u00ab\u00a0excellente nouvelle\u00a0\u00bb pour l\u2019industrie de la K-pop, estime Yoo Sung-man, analyste chez Leading Investment and Securities. \u00c0 son apog\u00e9e, le groupe repr\u00e9sentait 0,2\u00a0% du PIB de la Cor\u00e9e du Sud.<\/p>\n","protected":false},"excerpt":{"rendered":"KEVIN WINTER \/ Getty Images via AFP Le groupe BTS sur sc\u00e8ne, ici \u00e0 Los Angeles, en 2021.&hellip;\n","protected":false},"author":2,"featured_media":218955,"comment_status":"","ping_status":"","sticky":false,"template":"","format":"standard","meta":{"footnotes":""},"categories":[1355],"tags":[5640,251,58,59,1011,27,7594,1361,873],"class_list":{"0":"post-218954","1":"post","2":"type-post","3":"status-publish","4":"format-standard","5":"has-post-thumbnail","7":"category-musique","8":"tag-coree-du-sud","9":"tag-culture","10":"tag-divertissement","11":"tag-entertainment","12":"tag-fr","13":"tag-france","14":"tag-k-pop","15":"tag-music","16":"tag-musique"},"share_on_mastodon":{"url":"https:\/\/pubeurope.com\/@fr\/114779758527311323","error":""},"_links":{"self":[{"href":"https:\/\/www.europesays.com\/fr\/wp-json\/wp\/v2\/posts\/218954","targetHints":{"allow":["GET"]}}],"collection":[{"href":"https:\/\/www.europesays.com\/fr\/wp-json\/wp\/v2\/posts"}],"about":[{"href":"https:\/\/www.europesays.com\/fr\/wp-json\/wp\/v2\/types\/post"}],"author":[{"embeddable":true,"href":"https:\/\/www.europesays.com\/fr\/wp-json\/wp\/v2\/users\/2"}],"replies":[{"embeddable":true,"href":"https:\/\/www.europesays.com\/fr\/wp-json\/wp\/v2\/comments?post=218954"}],"version-history":[{"count":0,"href":"https:\/\/www.europesays.com\/fr\/wp-json\/wp\/v2\/posts\/218954\/revisions"}],"wp:featuredmedia":[{"embeddable":true,"href":"https:\/\/www.europesays.com\/fr\/wp-json\/wp\/v2\/media\/218955"}],"wp:attachment":[{"href":"https:\/\/www.europesays.com\/fr\/wp-json\/wp\/v2\/media?parent=218954"}],"wp:term":[{"taxonomy":"category","embeddable":true,"href":"https:\/\/www.europesays.com\/fr\/wp-json\/wp\/v2\/categories?post=218954"},{"taxonomy":"post_tag","embeddable":true,"href":"https:\/\/www.europesays.com\/fr\/wp-json\/wp\/v2\/tags?post=218954"}],"curies":[{"name":"wp","href":"https:\/\/api.w.org\/{rel}","templated":true}]}}