{"id":219002,"date":"2025-07-01T20:25:18","date_gmt":"2025-07-01T20:25:18","guid":{"rendered":"https:\/\/www.europesays.com\/fr\/219002\/"},"modified":"2025-07-01T20:25:18","modified_gmt":"2025-07-01T20:25:18","slug":"strasbourg-travaux-de-nuit-rue-de-sebastopol-perturbations-nocturnes-du-2-au-4-juillet","status":"publish","type":"post","link":"https:\/\/www.europesays.com\/fr\/219002\/","title":{"rendered":"Strasbourg. Travaux de nuit rue de S\u00e9bastopol, perturbations nocturnes du 2 au 4 juillet"},"content":{"rendered":"<p>La rue de S\u00e9bastopol, en travaux <a href=\"https:\/\/www.dna.fr\/transport\/2025\/06\/16\/trois-quais-de-cars-interurbains-entrent-en-service-le-long-de-la-place-des-halles\" target=\"_blank\" rel=\"noopener\">pour l\u2019installation d\u2019une gare \u00ab passante \u00bb<\/a> destin\u00e9e aux cars interurbains accompagn\u00e9e d\u2019une r\u00e9habilitation du secteur pour les riverains, a notamment \u00e9t\u00e9 reprise au niveau de la structure de sa chauss\u00e9e. Reste \u00e0 poser les enrob\u00e9s d\u00e9finitifs sur la rue.<\/p>\n<p>Afin de limiter au mieux la g\u00eane pour la circulation des cars de la CTBR (Compagnie des transports du Bas-Rhin), ainsi que l\u2019acc\u00e8s au centre-ville et au parking P2 des Halles, ces travaux sont programm\u00e9s les nuits du 2 au 3\u00a0juillet et du 3 au 4\u00a0juillet, entre 20\u00a0h\u00a030 et 4\u00a0h\u00a030.<\/p>\n<p>Sur ces cr\u00e9neaux horaires, la rue sera ferm\u00e9e \u00e0 la circulation g\u00e9n\u00e9rale entre la gare routi\u00e8re et le quai Kl\u00e9ber. L\u2019itin\u00e9raire de d\u00e9viation mis en place pour l\u2019acc\u00e8s au centre-ville se fera par la rue du Faubourg-de-Saverne et le quai de Paris.<\/p>\n<p>  Canicule \u00a0: travaux anticip\u00e9s en d\u00e9but de matin\u00e9e<\/p>\n<p>Par ailleurs, <a href=\"https:\/\/www.dna.fr\/environnement\/2025\/07\/01\/canicule-le-pic-attendu-ce-mardi-de-nombreuses-ecoles-fermees\" target=\"_blank\" rel=\"noopener\">la canicule<\/a> n\u00e9cessite une adaptation temporaire des horaires de travail des entreprises intervenant sur le secteur (en dehors de celles qui poseront l\u2019enrob\u00e9 de nuit). Pour toute la dur\u00e9e de l\u2019\u00e9pisode de fortes chaleurs sur Strasbourg, les travaux d\u00e9buteront plus t\u00f4t dans la matin\u00e9e \u00e0 partir de 6 h 30 afin de permettre aux \u00e9quipes de terminer leur journ\u00e9e de travail avant les heures les plus chaudes.<\/p>\n","protected":false},"excerpt":{"rendered":"La rue de S\u00e9bastopol, en travaux pour l\u2019installation d\u2019une gare \u00ab passante \u00bb destin\u00e9e aux cars interurbains accompagn\u00e9e&hellip;\n","protected":false},"author":2,"featured_media":219003,"comment_status":"","ping_status":"","sticky":false,"template":"","format":"standard","meta":{"footnotes":""},"categories":[2820],"tags":[1111,11,4749,33,2880,1777,674,107,1011,27,775,12,25,640,2879],"class_list":{"0":"post-219002","1":"post","2":"type-post","3":"status-publish","4":"format-standard","5":"has-post-thumbnail","7":"category-strasbourg","8":"tag-actu","9":"tag-actualites","10":"tag-btp-et-chantiers","11":"tag-economie","12":"tag-edition-strasbourg","13":"tag-eu","14":"tag-europe","15":"tag-fil-info","16":"tag-fr","17":"tag-france","18":"tag-grand-est","19":"tag-news","20":"tag-republique-francaise","21":"tag-strasbourg","22":"tag-strasbourg-ville"},"share_on_mastodon":{"url":"https:\/\/pubeurope.com\/@fr\/114779856850469777","error":""},"_links":{"self":[{"href":"https:\/\/www.europesays.com\/fr\/wp-json\/wp\/v2\/posts\/219002","targetHints":{"allow":["GET"]}}],"collection":[{"href":"https:\/\/www.europesays.com\/fr\/wp-json\/wp\/v2\/posts"}],"about":[{"href":"https:\/\/www.europesays.com\/fr\/wp-json\/wp\/v2\/types\/post"}],"author":[{"embeddable":true,"href":"https:\/\/www.europesays.com\/fr\/wp-json\/wp\/v2\/users\/2"}],"replies":[{"embeddable":true,"href":"https:\/\/www.europesays.com\/fr\/wp-json\/wp\/v2\/comments?post=219002"}],"version-history":[{"count":0,"href":"https:\/\/www.europesays.com\/fr\/wp-json\/wp\/v2\/posts\/219002\/revisions"}],"wp:featuredmedia":[{"embeddable":true,"href":"https:\/\/www.europesays.com\/fr\/wp-json\/wp\/v2\/media\/219003"}],"wp:attachment":[{"href":"https:\/\/www.europesays.com\/fr\/wp-json\/wp\/v2\/media?parent=219002"}],"wp:term":[{"taxonomy":"category","embeddable":true,"href":"https:\/\/www.europesays.com\/fr\/wp-json\/wp\/v2\/categories?post=219002"},{"taxonomy":"post_tag","embeddable":true,"href":"https:\/\/www.europesays.com\/fr\/wp-json\/wp\/v2\/tags?post=219002"}],"curies":[{"name":"wp","href":"https:\/\/api.w.org\/{rel}","templated":true}]}}