{"id":219004,"date":"2025-07-01T20:26:10","date_gmt":"2025-07-01T20:26:10","guid":{"rendered":"https:\/\/www.europesays.com\/fr\/219004\/"},"modified":"2025-07-01T20:26:10","modified_gmt":"2025-07-01T20:26:10","slug":"pour-sauver-les-lucioles-si-vous-participiez-a-leur-observation","status":"publish","type":"post","link":"https:\/\/www.europesays.com\/fr\/219004\/","title":{"rendered":"Pour sauver les lucioles, si vous participiez \u00e0 leur observation&#8230;"},"content":{"rendered":"<p>La nuit tombe sur la haute vall\u00e9e du Var. Au-dessus des Gorges de Daluis, les cimes du Mercantour se d\u00e9tachent en ombres chinoises. Peu \u00e0 peu les yeux s\u2019habituent \u00e0 l\u2019obscurit\u00e9. Et scrutent l\u2019apparition des lucioles.<\/p>\n<p>\u00ab\u00a0Ici regardez, j\u2019en vois une!\u00a0\u00bb, s\u2019\u00e9crie Enzo, enthousiaste. Chapeau d\u2019explorateur sur la t\u00eate, le gar\u00e7on a pris la t\u00eate du cort\u00e8ge d\u2019une vingtaine de personnes qui participent \u00e0 cette balade nocturne \u00e0 l\u2019initiative de la R\u00e9serve internationale de ciel \u00e9toil\u00e9.<\/p>\n<p>L\u2019objectif: <strong>inciter les citoyens \u00e0 faire remonter leurs observations de lucioles pour prot\u00e9ger cet insecte en d\u00e9clin<\/strong>.<\/p>\n<p>Il est un peu plus de 22h, et, en lisi\u00e8re du camping des Rouges Gorges, au c\u0153ur du Colorado ni\u00e7ois, la f\u00e9erie op\u00e8re. Des petits points luminescents s\u2019\u00e9l\u00e8vent dans le ciel pur, constell\u00e9 d\u2019\u00e9toiles.<\/p>\n<p>                                Un d\u00e9clin pr\u00e9occupant<\/p>\n<p>\u00ab\u00a0Les lucioles diminuent depuis au moins les ann\u00e9es 1990\u00a0\u00bb, explique Sterenn Poupard. Charg\u00e9e de mission de la R\u00e9serve internationale de ciel \u00e9toil\u00e9 Alpes Azur Mercantour \u00e0 la communaut\u00e9 de communes Alpes d\u2019Azur, la jeune femme s\u2019est empar\u00e9e du sujet il y a quatre ans.<\/p>\n<p>\u00ab\u00a0On s\u2019est int\u00e9ress\u00e9s \u00e0 une esp\u00e8ce de notre r\u00e9gion la luciola lusitanica parce qu\u2019on s\u2019est aper\u00e7us qu\u2019elle n\u2019\u00e9tait pas consid\u00e9r\u00e9e comme en voie de disparition par l\u2019Union Internationale pour la conservation de la nature (UICN).\u00a0\u00bb <\/p>\n<p>Pourtant, pointe Sterenn Poupard, son territoire s\u2019est r\u00e9duit.<\/p>\n<p>\u00ab\u00a0A l\u2019\u00e9poque, elle allait jusque dans le Gard. Or aujourd\u2019hui, elle est essentiellement localis\u00e9e en France dans les Alpes-Maritimes, et les zones limitrophes du Var et des Alpes-de-Haute-Provence. Alors, si on ne se saisit pas du probl\u00e8me, elle risque potentiellement de dispara\u00eetre.\u00a0\u00bb<\/p>\n<p>Observer leur pr\u00e9sence et suivre leur \u00e9volution<\/p>\n<p>Pour faire face \u00e0 ce d\u00e9clin, la communaut\u00e9 de communes Alpes d\u2019Azur et le d\u00e9partement des Alpes-Maritimes ont lanc\u00e9, l\u2019op\u00e9ration \u00ab\u00a0En qu\u00eate de Lucioles\u00a0\u00bb.<\/p>\n<p>\u00ab\u00a0C\u2019est un grand programme de sciences participatives qui permet \u00e0 chacun de faire remonter jusqu\u2019au 18 ao\u00fbt ses observations sur trois d\u00e9partements: les Alpes-Maritimes, le Var et les Alpes-de-Haute-Provence.\u00a0\u00bb<\/p>\n<p>Pas besoin de vivre \u00e0 la campagne ou \u00e0 la montagne pour participer.<\/p>\n<blockquote><p>&#13;<\/p>\n<p>\u00ab\u00a0On trouve m\u00eame des lucioles en ville, dans les jardins, sur les collines ni\u00e7oises, \u00e0 La Trinit\u00e9, autour de Menton.\u00a0\u00bb<br \/>&#13;<br \/>\nSterenn Poupard, charg\u00e9e de mission<\/p>\n<p>&#13;\n<\/p><\/blockquote>\n<p>Ses lieux de pr\u00e9dilection: les zones humides, les jardins et prairies aux herbes hautes.<br \/>&#13;<br \/>\n\u00ab\u00a0C\u2019est une esp\u00e8ce facile \u00e0 identifier. Elle est tr\u00e8s distinguable des autres vers luisants ou lucioles, parce qu\u2019elle vole et elle clignote avec une lumi\u00e8re jaune-blanche.\u00a0\u00bb<\/p>\n<p>              <img ci-src=\"https:\/\/www.nicematin.com\/environnement\/RCAPQRXXQ200_FF_LUCIOLES1+%281%29-GrsL5uST.jpg?ci_seal=7f4d34faae\" alt=\"\"\/><br \/>\n        Sterenn Poupard pr\u00e9sente la luciola lusitanica afin que les participants puissent l&rsquo;identifier. <strong>Photo Franck Fernandes.<\/strong> <\/p>\n<p>                                Comment participer aux observations?<\/p>\n<p>Quand la nuit tombe, si vous apercevez dans votre jardin ces insectes luminescents, vous pouvez partager vos observations.<\/p>\n<p>\u00ab\u00a0Si vous avez pris une photo, il suffit de t\u00e9l\u00e9charger sur votre smartphone l\u2019<a href=\"https:\/\/inpn.mnhn.fr\/accueil\/participer\/inpn-especes\" target=\"_blank\" rel=\"noopener nofollow\">application INPN-Esp\u00e8ces<\/a>, et d\u2019enregistrer les informations, d\u00e9taille Sterenn Poupard. Toutes les donn\u00e9es sont envoy\u00e9es \u00e0 un registre national.\u00a0\u00bb<\/p>\n<p>La deuxi\u00e8me option consiste <a href=\"https:\/\/cfzfog5y.forms.app\/formulaire-sur-la-quete-des-lucioles-en-alpes-maritimes\" target=\"_blank\" rel=\"noopener nofollow\">\u00e0 remplir un questionnaire,<\/a> sans avoir besoin d\u2019adjoindre une photo. Il s\u2019agit notamment d\u2019indiquer le lieu, la date et l\u2019heure d\u2019observation, la temp\u00e9rature ext\u00e9rieure, et de quantifier le nombre de lucioles observ\u00e9es.<\/p>\n<p>\u00ab\u00a0L\u2019ann\u00e9e derni\u00e8re on a d\u00e9j\u00e0 recueilli une cinquantaine d\u2019observations qui nous ont permis d\u2019attester sa pr\u00e9sence dans un secteur allant de Guillaumes, dans la haute vall\u00e9e du Var \u00e0 Nice, et jusqu\u2019\u00e0 la vall\u00e9e de la Roya.\u00a0\u00bb<\/p>\n<p>Cette ann\u00e9e, Sterenn Poupard esp\u00e8re mobiliser un plus grand nombre d\u2019habitants afin de mieux conna\u00eetre l\u2019\u00e9volution de cette esp\u00e8ce.<\/p>\n<p>A quoi serviront ces observations?<\/p>\n<p>\u00ab\u00a0Ces remont\u00e9es d\u2019informations nous permettent de cartographier la pr\u00e9sence des lucioles, et aussi l\u00e0 o\u00f9 elles sont en diminution justement, pour essayer d\u2019en comprendre les causes.\u00a0\u00bb<\/p>\n<p>Et entreprendre des actions concr\u00e8tes pour les prot\u00e9ger.<br \/>&#13;<br \/>\nL\u2019op\u00e9ration se renouvellera chaque \u00e9t\u00e9, jusqu\u2019en 2027. Date \u00e0 laquelle des sp\u00e9cialistes viendront faire des \u00e9tudes de terrain sur la base des observations effectu\u00e9es par les habitants.<\/p>\n<blockquote><p>&#13;<\/p>\n<p>\u00ab\u00a0Nous manquons actuellement de donn\u00e9es suffisantes pour quantifier ces d\u00e9clins.\u00a0\u00bb<br \/>&#13;<br \/>\nRapha\u00ebl De Cock, sp\u00e9cialiste lucioles UICN<\/p>\n<p>&#13;\n<\/p><\/blockquote>\n<p>Le coordinateur du groupe de sp\u00e9cialistes des lucioles de l\u2019UICN pour l\u2019Europe* insiste sur l\u2019importance d\u2019associer les citoyens aux observations.\u2005<\/p>\n<p>\u00ab\u00a0Ils sont nos yeux. Gr\u00e2ce aux b\u00e9n\u00e9voles nous avons d\u00e9j\u00e0 pu inscrire sur la liste rouge de l\u2019Union Internationale pour la conservation de la nature 10 esp\u00e8ces de lucioles sur 65 identifi\u00e9es.\u2005En g\u00e9n\u00e9ral, elles sont menac\u00e9es par le changement climatique, la perte et la d\u00e9gradation de l\u2019habitat, et la pollution lumineuse.\u00a0\u00bb<\/p>\n<p>L\u2019\u00e9clairage nocturne, menace num\u00e9ro 1<\/p>\n<p>La lumi\u00e8re perturbe la reproduction, car le m\u00e2le a plus de difficult\u00e9 pour rep\u00e9rer la femelle qui n\u2019est pas capable de voler et produit donc de la lumi\u00e8re depuis le sol. \u00ab\u00a0Il y a eu un gros d\u00e9clin des lucioles \u00e0 partir des ann\u00e9es 1990, ce qui correspond au moment o\u00f9 l\u2019\u00e9clairage public a \u00e9t\u00e9 \u00e9tendu partout, m\u00eame dans les petits villages. Or on peut agir sur ces \u00e9clairages, et c\u2019est \u00e7a qu\u2019on vise vraiment. Et la bonne nouvelle, c\u2019est que \u00e7a marche!\u00a0\u00bb, conclut Sterenn Poupard.<\/p>\n<p>De nombreuses communes ont d\u00e9j\u00e0 commenc\u00e9 \u00e0 se saisir du sujet. A savoir, pr\u00e9server le ciel nocturne pour prot\u00e9ger la biodiversit\u00e9. C\u2019est le cas de Grasse, Vence, P\u00e9one-Valberg&#8230;<\/p>\n<p>\u00ab\u00a0Depuis 2014, on est labellis\u00e9 Villes et villages \u00e9toil\u00e9s. Pour diminuer la pollution lumineuse \u00e0 P\u00e9one-Valberg on a commenc\u00e9 par augmenter les plages horaires d\u2018extinction des lumi\u00e8res. Puis on a r\u00e9nov\u00e9 les \u00e9clairages, abaiss\u00e9 des cand\u00e9labres, install\u00e9 des \u00e9clairages LED aux tons chauds\u00a0\u00bb, d\u00e9taille Marie-Am\u00e9lie Gin\u00e9sy. La vice-pr\u00e9sidente du syndicat intercommunal de Valberg et conseill\u00e8re municipale \u00e0 P\u00e9one souligne l\u2019impact de cette politique: \u00ab\u00a0on a vu par exemple r\u00e9appara\u00eetre des lucioles.\u00a0\u00bb<\/p>\n<p>Victimes du r\u00e9chauffement climatique<\/p>\n<p>Le changement climatique repr\u00e9sente aussi une menace pour le col\u00e9opt\u00e8re.<br \/>&#13;<br \/>\n\u00ab\u00a0Le changement climatique affecte tout. En particulier en cas de s\u00e9cheresse, car les lucioles et surtout leurs larves aiment l&rsquo;humidit\u00e9, explique Richard Joyce, biologiste charg\u00e9 de la pr\u00e9servation des esp\u00e8ces menac\u00e9es au sein de la Fondation am\u00e9ricaine Xerc\u00e8s. Au cours de leur jeune stade de vie, elles mangent d&rsquo;autres invert\u00e9br\u00e9s. D&rsquo;autres petits animaux rampants, qui aiment aussi l&rsquo;humidit\u00e9. Comme les escargots et les limaces. Donc, quand nous avons, vous savez, des p\u00e9riodes s\u00e8ches anormales, c&rsquo;est vraiment difficile pour la survie des lucioles.\u00a0\u00bb<\/p>\n<p>Conserver des herbes hautes dans les jardins<\/p>\n<p>Autres causes de leur disparition: la tonte des pelouses et fauchages des prairies. Un habitat privil\u00e9gi\u00e9 des lucioles.<br \/>&#13;<br \/>\n\u00ab\u00a0Si tout le monde consacrait environ un tiers de son jardin, ou un tiers ou plus de son jardin, \u00e0 l&rsquo;habitat des lucioles et autres insectes, cela ferait une tr\u00e8s grande diff\u00e9rence\u00a0\u00bb, commente Richard Joyce,\u00a0<\/p>\n<p>* Rapha\u00ebl De Cock est notamment l\u2019auteur du <a href=\"https:\/\/www.iucnredlist.org\/species\/216129578\/216918684\" target=\"_blank\" rel=\"noopener nofollow\">dernier rapport sur la luciola lusitanica publi\u00e9 par l\u2019UICN.<\/a><\/p>\n","protected":false},"excerpt":{"rendered":"La nuit tombe sur la haute vall\u00e9e du Var. Au-dessus des Gorges de Daluis, les cimes du Mercantour&hellip;\n","protected":false},"author":2,"featured_media":219005,"comment_status":"","ping_status":"","sticky":false,"template":"","format":"standard","meta":{"footnotes":""},"categories":[2819],"tags":[1111,11,436,1777,674,1011,27,12,2401,882,25],"class_list":{"0":"post-219004","1":"post","2":"type-post","3":"status-publish","4":"format-standard","5":"has-post-thumbnail","7":"category-nice","8":"tag-actu","9":"tag-actualites","10":"tag-environnement","11":"tag-eu","12":"tag-europe","13":"tag-fr","14":"tag-france","15":"tag-news","16":"tag-nice","17":"tag-provence-alpes-cote-dazur","18":"tag-republique-francaise"},"share_on_mastodon":{"url":"https:\/\/pubeurope.com\/@fr\/114779860881646310","error":""},"_links":{"self":[{"href":"https:\/\/www.europesays.com\/fr\/wp-json\/wp\/v2\/posts\/219004","targetHints":{"allow":["GET"]}}],"collection":[{"href":"https:\/\/www.europesays.com\/fr\/wp-json\/wp\/v2\/posts"}],"about":[{"href":"https:\/\/www.europesays.com\/fr\/wp-json\/wp\/v2\/types\/post"}],"author":[{"embeddable":true,"href":"https:\/\/www.europesays.com\/fr\/wp-json\/wp\/v2\/users\/2"}],"replies":[{"embeddable":true,"href":"https:\/\/www.europesays.com\/fr\/wp-json\/wp\/v2\/comments?post=219004"}],"version-history":[{"count":0,"href":"https:\/\/www.europesays.com\/fr\/wp-json\/wp\/v2\/posts\/219004\/revisions"}],"wp:featuredmedia":[{"embeddable":true,"href":"https:\/\/www.europesays.com\/fr\/wp-json\/wp\/v2\/media\/219005"}],"wp:attachment":[{"href":"https:\/\/www.europesays.com\/fr\/wp-json\/wp\/v2\/media?parent=219004"}],"wp:term":[{"taxonomy":"category","embeddable":true,"href":"https:\/\/www.europesays.com\/fr\/wp-json\/wp\/v2\/categories?post=219004"},{"taxonomy":"post_tag","embeddable":true,"href":"https:\/\/www.europesays.com\/fr\/wp-json\/wp\/v2\/tags?post=219004"}],"curies":[{"name":"wp","href":"https:\/\/api.w.org\/{rel}","templated":true}]}}