{"id":219008,"date":"2025-07-01T20:28:27","date_gmt":"2025-07-01T20:28:27","guid":{"rendered":"https:\/\/www.europesays.com\/fr\/219008\/"},"modified":"2025-07-01T20:28:27","modified_gmt":"2025-07-01T20:28:27","slug":"ce-collectif-organise-un-rassemblement-en-soutien-a-la-palestine","status":"publish","type":"post","link":"https:\/\/www.europesays.com\/fr\/219008\/","title":{"rendered":"Ce collectif organise un rassemblement en soutien \u00e0 la Palestine"},"content":{"rendered":"<p><a href=\"https:\/\/afps44.france-palestine.org\/\" target=\"_self\" rel=\"noopener\">L\u2019AFPS 44<\/a>\u00a0se mobilise r\u00e9guli\u00e8rement dans les rues pour d\u00e9noncer l\u2019attitude d\u2019Isra\u00ebl \u00e0 l\u2019\u00e9gard des Palestiniens. De Blain \u00e0 Clisson, en passant par la c\u00f4te, l\u2019association <a href=\"https:\/\/saint-nazaire.maville.com\/actu\/actudet_-blain.-france-palestine-solidarite-appelle-a-manifester-_8-6528605_actu.Htm\" target=\"_self\" rel=\"noopener\">manifeste sur l\u2019ensemble du territoire<\/a> de la Loire-Atlantique.<\/p>\n<p>Un rassemblement pr\u00e9vu mercredi 2\u00a0juillet \u00e0 17\u00a0h<\/p>\n<p>C\u2019est la place du Change, dans le centre-ville de Nantes, qui a \u00e9t\u00e9 choisi comme lieu<a href=\"https:\/\/fb.me\/e\/81D4AfLkb\" target=\"_blank\" rel=\"noopener\"> de rendez-vous pour ce rassemblement, le mercredi 2\u00a0juillet \u00e0 17\u00a0h<\/a>. Les revendications principales\u00a0: le respect du droit international par Isra\u00ebl et la mise en place d\u2019une paix durable pour les Palestiniens.<\/p>\n<p>L\u2019AFPS 44\u00a0re\u00e7oit le soutien de plusieurs figures politiques ancr\u00e9es \u00e0 gauche, notamment celui du pr\u00e9sident du D\u00e9partement, <a href=\"https:\/\/nantes.maville.com\/actu\/actudet_-nuit-du-bien-commun-le-coup-de-gueule-de-michel-menard-president-ps-de-la-loire-atlantique-_8-6838572_actu.Htm\" target=\"_self\" rel=\"noopener\">Michel M\u00e9nard<\/a>, qui re\u00e7oit ce mardi 1er\u00a0juillet une d\u00e9l\u00e9gation palestinienne. L\u2019AFPS 44 \u00a0esp\u00e8re pouvoir travailler ensemble \u00e0 l\u2019avenir\u00a0\u00bb, avec cette derni\u00e8re.<\/p>\n<p>Ce rassemblement sera reconductible chaque mercredi de l\u2019\u00e9t\u00e9.<\/p>\n<p>\u00a0<\/p>\n","protected":false},"excerpt":{"rendered":"L\u2019AFPS 44\u00a0se mobilise r\u00e9guli\u00e8rement dans les rues pour d\u00e9noncer l\u2019attitude d\u2019Isra\u00ebl \u00e0 l\u2019\u00e9gard des Palestiniens. De Blain \u00e0&hellip;\n","protected":false},"author":2,"featured_media":219009,"comment_status":"","ping_status":"","sticky":false,"template":"","format":"standard","meta":{"footnotes":""},"categories":[2818],"tags":[1111,11,7819,1777,674,1011,27,766,12,9271,3518,2636,3919,25,7618],"class_list":{"0":"post-219008","1":"post","2":"type-post","3":"status-publish","4":"format-standard","5":"has-post-thumbnail","7":"category-nantes","8":"tag-actu","9":"tag-actualites","10":"tag-collectif","11":"tag-eu","12":"tag-europe","13":"tag-fr","14":"tag-france","15":"tag-nantes","16":"tag-news","17":"tag-organise","18":"tag-palestine","19":"tag-pays-de-la-loire","20":"tag-rassemblement","21":"tag-republique-francaise","22":"tag-soutien"},"share_on_mastodon":{"url":"https:\/\/pubeurope.com\/@fr\/114779868619287449","error":""},"_links":{"self":[{"href":"https:\/\/www.europesays.com\/fr\/wp-json\/wp\/v2\/posts\/219008","targetHints":{"allow":["GET"]}}],"collection":[{"href":"https:\/\/www.europesays.com\/fr\/wp-json\/wp\/v2\/posts"}],"about":[{"href":"https:\/\/www.europesays.com\/fr\/wp-json\/wp\/v2\/types\/post"}],"author":[{"embeddable":true,"href":"https:\/\/www.europesays.com\/fr\/wp-json\/wp\/v2\/users\/2"}],"replies":[{"embeddable":true,"href":"https:\/\/www.europesays.com\/fr\/wp-json\/wp\/v2\/comments?post=219008"}],"version-history":[{"count":0,"href":"https:\/\/www.europesays.com\/fr\/wp-json\/wp\/v2\/posts\/219008\/revisions"}],"wp:featuredmedia":[{"embeddable":true,"href":"https:\/\/www.europesays.com\/fr\/wp-json\/wp\/v2\/media\/219009"}],"wp:attachment":[{"href":"https:\/\/www.europesays.com\/fr\/wp-json\/wp\/v2\/media?parent=219008"}],"wp:term":[{"taxonomy":"category","embeddable":true,"href":"https:\/\/www.europesays.com\/fr\/wp-json\/wp\/v2\/categories?post=219008"},{"taxonomy":"post_tag","embeddable":true,"href":"https:\/\/www.europesays.com\/fr\/wp-json\/wp\/v2\/tags?post=219008"}],"curies":[{"name":"wp","href":"https:\/\/api.w.org\/{rel}","templated":true}]}}