{"id":219016,"date":"2025-07-01T20:32:09","date_gmt":"2025-07-01T20:32:09","guid":{"rendered":"https:\/\/www.europesays.com\/fr\/219016\/"},"modified":"2025-07-01T20:32:09","modified_gmt":"2025-07-01T20:32:09","slug":"grave-accident-de-la-route-pres-de-toulouse-une-femme-meurt-deux-autres-personnes-grievement-blessees","status":"publish","type":"post","link":"https:\/\/www.europesays.com\/fr\/219016\/","title":{"rendered":"Grave accident de la route pr\u00e8s de Toulouse\u00a0: une femme meurt, deux autres personnes gri\u00e8vement bless\u00e9es"},"content":{"rendered":"<p>\n                                                                    l&rsquo;essentiel<br \/>\n                                                                Un grave accident a eu lieu ce mardi apr\u00e8s-midi \u00e0 Montjoire, au nord-est de Toulouse. Une femme est morte, deux autres personnes sont gri\u00e8vement bless\u00e9es.\n                            <\/p>\n<p>Une femme de 47 ans a perdu la vie ce mardi sur les routes de Haute-Garonne. Une autre, \u00e2g\u00e9e de 41 ans, a \u00e9t\u00e9 h\u00e9liport\u00e9e en compagnie d\u2019un homme de 51 ans, tous deux dans un \u00e9tat grave.<\/p>\n<p>Un dramatique accident\u00a0s\u2019est produit ce mardi, en d\u00e9but d\u2019apr\u00e8s-midi, sur la commune de Montjoire, au nord-est de Toulouse. Le bilan est tr\u00e8s lourd. D\u2019apr\u00e8s les premiers \u00e9l\u00e9ments de l\u2019enqu\u00eate, une fourgonnette circulait sur la D 15, qui traverse la commune. \u00c0 14\u00a0heures, alors que le v\u00e9hicule roulait\u00a0seul, le conducteur aurait perdu le contr\u00f4le et percut\u00e9 un obstacle.<\/p>\n<p>Le choc a \u00e9t\u00e9 terrible. L\u2019habitacle de la fourgonnette a \u00e9t\u00e9 d\u00e9form\u00e9, bloquant deux personnes \u00e0 l\u2019int\u00e9rieur. Des t\u00e9moins, traumatis\u00e9s\u00a0par la sc\u00e8ne, ont imm\u00e9diatement alert\u00e9 les secours. Les pompiers et le Smur sont intervenus rapidement.<\/p>\n<p class=\"std-elt__inline\">\n        <strong>\u00c0 lire aussi :<\/strong><br \/>\n        <a href=\"https:\/\/www.ladepeche.fr\/2025\/06\/05\/un-automobiliste-de-33-ans-heliporte-entre-la-vie-et-la-mort-apres-un-accident-de-la-route-au-sud-de-toulouse-12743635.php\" target=\"_blank\" rel=\"noopener\">Un automobiliste de 33 ans h\u00e9liport\u00e9 entre la vie et la mort, apr\u00e8s un accident de la route au sud de Toulouse<\/a>\n    <\/p>\n<p>Ils ont d\u00fb d\u00e9sincarc\u00e9rer deux victimes coinc\u00e9es dans la voiture. Une femme a succomb\u00e9 \u00e0 cet accident. Les deux autres bless\u00e9s sont mal en point. Deux h\u00e9licopt\u00e8res les ont transport\u00e9s jusqu\u2019au CHU le plus proche. Dix-sept sapeurs-pompiers ont \u00e9t\u00e9 mobilis\u00e9s pour cette intervention.<\/p>\n<p>Des analyses en cours<\/p>\n<p>Que s\u2019est-il pass\u00e9\u00a0? Le conducteur a-t-il voulu \u00e9viter un obstacle\u00a0? Il est trop t\u00f4t pour le dire pour le moment.<\/p>\n<p>Une enqu\u00eate a \u00e9t\u00e9 ouverte par le parquet de Toulouse afin d\u2019\u00e9tablir les circonstances pr\u00e9cises du drame. Des pr\u00e9l\u00e8vements sanguins ont \u00e9t\u00e9 effectu\u00e9s sur place. Ces analyses diront si les trois protagonistes avaient consomm\u00e9 des substances.<\/p>\n<p class=\"std-elt__inline\">\n        <strong>\u00c0 lire aussi :<\/strong><br \/>\n        <a href=\"https:\/\/www.ladepeche.fr\/2025\/05\/22\/terrible-sortie-de-route-un-jeune-homme-trouve-la-mort-dans-un-accident-de-voiture-pres-de-toulouse-12713105.php\" target=\"_blank\" rel=\"noopener\">Terrible sortie de route\u00a0: un jeune homme trouve la mort dans un accident de voiture, pr\u00e8s de Toulouse<\/a>\n    <\/p>\n<p>Les forces de l\u2019ordre, apr\u00e8s avoir d\u00e9limit\u00e9 un p\u00e9rim\u00e8tre de s\u00e9curit\u00e9, ont proc\u00e9d\u00e9 aux constatations d\u2019usage, \u00e0 la recherche du moindre indice d\u00e9terminant.<\/p>\n<p>Si les deux victimes en grave danger s\u2019en sortent, leurs auditions seront d\u00e9terminantes.<\/p>\n<p>Depuis janvier\u00a02025, au moins 26 personnes ont perdu la vie sur les routes de la Haute-Garonne.<\/p>\n","protected":false},"excerpt":{"rendered":"l&rsquo;essentiel Un grave accident a eu lieu ce mardi apr\u00e8s-midi \u00e0 Montjoire, au nord-est de Toulouse. Une femme&hellip;\n","protected":false},"author":2,"featured_media":219017,"comment_status":"","ping_status":"","sticky":false,"template":"","format":"standard","meta":{"footnotes":""},"categories":[2816],"tags":[1111,11,1777,674,1011,27,12,2680,25,2312],"class_list":{"0":"post-219016","1":"post","2":"type-post","3":"status-publish","4":"format-standard","5":"has-post-thumbnail","7":"category-toulouse","8":"tag-actu","9":"tag-actualites","10":"tag-eu","11":"tag-europe","12":"tag-fr","13":"tag-france","14":"tag-news","15":"tag-occitanie","16":"tag-republique-francaise","17":"tag-toulouse"},"share_on_mastodon":{"url":"https:\/\/pubeurope.com\/@fr\/114779884293484613","error":""},"_links":{"self":[{"href":"https:\/\/www.europesays.com\/fr\/wp-json\/wp\/v2\/posts\/219016","targetHints":{"allow":["GET"]}}],"collection":[{"href":"https:\/\/www.europesays.com\/fr\/wp-json\/wp\/v2\/posts"}],"about":[{"href":"https:\/\/www.europesays.com\/fr\/wp-json\/wp\/v2\/types\/post"}],"author":[{"embeddable":true,"href":"https:\/\/www.europesays.com\/fr\/wp-json\/wp\/v2\/users\/2"}],"replies":[{"embeddable":true,"href":"https:\/\/www.europesays.com\/fr\/wp-json\/wp\/v2\/comments?post=219016"}],"version-history":[{"count":0,"href":"https:\/\/www.europesays.com\/fr\/wp-json\/wp\/v2\/posts\/219016\/revisions"}],"wp:featuredmedia":[{"embeddable":true,"href":"https:\/\/www.europesays.com\/fr\/wp-json\/wp\/v2\/media\/219017"}],"wp:attachment":[{"href":"https:\/\/www.europesays.com\/fr\/wp-json\/wp\/v2\/media?parent=219016"}],"wp:term":[{"taxonomy":"category","embeddable":true,"href":"https:\/\/www.europesays.com\/fr\/wp-json\/wp\/v2\/categories?post=219016"},{"taxonomy":"post_tag","embeddable":true,"href":"https:\/\/www.europesays.com\/fr\/wp-json\/wp\/v2\/tags?post=219016"}],"curies":[{"name":"wp","href":"https:\/\/api.w.org\/{rel}","templated":true}]}}