{"id":219020,"date":"2025-07-01T20:34:10","date_gmt":"2025-07-01T20:34:10","guid":{"rendered":"https:\/\/www.europesays.com\/fr\/219020\/"},"modified":"2025-07-01T20:34:10","modified_gmt":"2025-07-01T20:34:10","slug":"a-30-minutes-de-lille-cette-star-des-annees-2000-en-concert-gratuit-apres-le-tour-de-france","status":"publish","type":"post","link":"https:\/\/www.europesays.com\/fr\/219020\/","title":{"rendered":"\u00c0 30 minutes de Lille, cette star des ann\u00e9es 2000 en concert gratuit apr\u00e8s le Tour de France"},"content":{"rendered":"<p>            Par<br \/>\n        <strong><br \/>\n            <a href=\"https:\/\/actu.fr\/auteur\/raphael-mahlmann\" title=\"Consulter tous les articles de Rapha\u00ebl Mahlmann\" target=\"_blank\" rel=\"noopener\">Rapha\u00ebl Mahlmann<\/a><br \/>\n        <\/strong><\/p>\n<p>        Publi\u00e9 le<\/p>\n<p>            1 juil. 2025 \u00e0 17h08        <\/p>\n<p>C\u2019est une idole de jeunesse pour certains. Apr\u00e8s le passage du <a href=\"https:\/\/actu.fr\/hauts-de-france\/lille_59350\/tour-de-france-a-lille-fan-park-parade-trois-jours-danimations-dans-la-ville-pour-le-grand-depart_62836816.html\" target=\"_blank\" rel=\"noopener\">Tour de France<\/a> samedi 5\u00a0juillet 2025 \u00e0 <a href=\"https:\/\/actu.fr\/hauts-de-france\/hazebrouck_59295\" target=\"_blank\" rel=\"noopener\">Hazebrouck <\/a>(Nord), situ\u00e9e \u00e0 une demi-heure de Lille, un chanteur mondialement connu des<b> ann\u00e9es 2000<\/b> sera en concert.<b> Et c\u2019est gratuit\u2009! <\/b>D\u2019autres concerts sont \u00e9galement au programme. Voici ce qu\u2019il faut savoir.<\/p>\n<p>Un concert gratuit apr\u00e8s le Tour de France<\/p>\n<p class=\" wall-content\">\u00c0 partir de 20\u2009h, un grand concert \u00ab\u2009Best of Tour\u2009\u00bb sera organis\u00e9 sur la <b>Grand-Place<\/b> d\u2019Hazebrouck. Au programme, un show de folie avec des artistes sur sc\u00e8ne qui feront danser les Hazebrouckois au rythme des<b> plus grands tubes des ann\u00e9es 80 \u00e0 aujourd\u2019hui<\/b>. Sur sc\u00e8ne, de nombreux artistes se succ\u00e9deront tout au long de la soir\u00e9e pour faire vibrer la Grand-Place.<\/p>\n<p class=\" wall-content\">\u00c0 l\u2019affiche, on retrouve notamment <b>J\u00e9r\u00e9my Levif<\/b>, finaliste de l\u2019\u00e9mission \u00ab\u2009The Voice\u2009\u00bb en 2023, connu notamment pour single Puzzle. \u00ab\u2009H\u00e2te de retourner en France pour ma premi\u00e8re fois au\u2009\u2019Best Of Tour\u2019\u2009\u00e0 Hazebrouck en compagnie de superbes artistes le samedi 5\u00a0juillet\u2009\u00bb, s\u2019est r\u00e9joui l\u2019artiste sur les r\u00e9seaux sociaux.<\/p>\n<p class=\" wall-content\">Autre talent r\u00e9v\u00e9l\u00e9 \u00e0 \u00ab\u2009The Voice\u2009\u00bb, la chanteuse <b>Mary Milton<\/b>, candidate lors de la saison 11, sera \u00e9galement sur sc\u00e8ne. Et la t\u00eate d\u2019affiche n\u2019est autre que le chanteur philippin <b>Billy Crawford<\/b>\u2009! Ses titres Trackin, When You Think About Me, You Didn\u2019t Expect That ou encore Me passer de toi l\u2019ont notamment rendu c\u00e9l\u00e8bre \u00e0 partir de 2001. Parmi les autres artistes\u2009: Ghazala, Delo, Amy\u2019s way, Terzan, Yallace, L\u00d8, Corson et Tendax.<\/p>\n<p>Le passage du Tour de France \u00e0 Hazebrouck<\/p>\n<p class=\" wall-content\">Avant le <b>passage de la caravane et des coureurs<\/b>, des animations auront lieu d\u00e8s le matin \u00e0 Hazebrouck. \u00c0 partir de 11\u2009h\u200930, le village du Tour de France sera d\u00e9di\u00e9 \u00e0 un <b>espace franco-belge <\/b>pour d\u00e9couvrir les deux pays \u00e0 travers leurs produits locaux. Un village belge sera notamment tenu par la ville de Poperinge (Belgique). Le passage de la caravane est pr\u00e9vu pour 13\u2009h\u200930. Les coureurs sont attendus vers 15\u2009h\u200930, selon leur vitesse. Apr\u00e8s le passage des coureurs, <b>un concert <\/b>des \u00ab\u2009Chasses patates\u2009\u00bb suivi d\u2019une <b>animation DJ<\/b> pr\u00e9parera la ville au concert \u00ab\u2009Best of Tour\u2009\u00bb.<\/p>\n<p>Vid\u00e9os : en ce moment sur Actu<\/p>\n<p class=\" wall-content\">Attention, des<b> restrictions sur la circulation et le stationnement<\/b> sont mises en place du vendredi\u00a04 au dimanche 6\u00a0juillet. <b>Plus d\u2019informations<\/b> sur le site de la ville d\u2019Hazebrouck\u2009: <a href=\"https:\/\/www.ville-hazebrouck.fr\/passage-du-tour-de-france\" target=\"_blank\" rel=\"noopener\">https:\/\/www.ville-hazebrouck.fr\/passage-du-tour-de-france<\/a>.<\/p>\n<p class=\" wall-content\">Suivez toute l\u2019actualit\u00e9 de vos villes et m\u00e9dias favoris en vous inscrivant \u00e0 <a href=\"https:\/\/moncompte.actu.fr\" title=\"D\u00e9couvez Mon Actu\" rel=\"nofollow noopener\" data-trk=\"{&quot;cta&quot;:{&quot;action&quot;:&quot;https:\\\/\\\/moncompte.actu.fr&quot;,&quot;category&quot;:&quot;mon compte&quot;,&quot;from&quot;:&quot;article footer&quot;,&quot;name&quot;:&quot;Mon actu&quot;,&quot;type&quot;:&quot;cta&quot;}}\" target=\"_blank\">Mon Actu<\/a>.<\/p>\n","protected":false},"excerpt":{"rendered":"Par Rapha\u00ebl Mahlmann Publi\u00e9 le 1 juil. 2025 \u00e0 17h08 C\u2019est une idole de jeunesse pour certains. Apr\u00e8s&hellip;\n","protected":false},"author":2,"featured_media":219021,"comment_status":"","ping_status":"","sticky":false,"template":"","format":"standard","meta":{"footnotes":""},"categories":[2815],"tags":[1111,11,1695,1697,1777,674,1011,27,811,1307,12,25,104,2116],"class_list":{"0":"post-219020","1":"post","2":"type-post","3":"status-publish","4":"format-standard","5":"has-post-thumbnail","7":"category-lille","8":"tag-actu","9":"tag-actualites","10":"tag-chanson","11":"tag-concert","12":"tag-eu","13":"tag-europe","14":"tag-fr","15":"tag-france","16":"tag-hauts-de-france","17":"tag-lille","18":"tag-news","19":"tag-republique-francaise","20":"tag-societe","21":"tag-tour-de-france-2025"},"share_on_mastodon":{"url":"https:\/\/pubeurope.com\/@fr\/114779892302463749","error":""},"_links":{"self":[{"href":"https:\/\/www.europesays.com\/fr\/wp-json\/wp\/v2\/posts\/219020","targetHints":{"allow":["GET"]}}],"collection":[{"href":"https:\/\/www.europesays.com\/fr\/wp-json\/wp\/v2\/posts"}],"about":[{"href":"https:\/\/www.europesays.com\/fr\/wp-json\/wp\/v2\/types\/post"}],"author":[{"embeddable":true,"href":"https:\/\/www.europesays.com\/fr\/wp-json\/wp\/v2\/users\/2"}],"replies":[{"embeddable":true,"href":"https:\/\/www.europesays.com\/fr\/wp-json\/wp\/v2\/comments?post=219020"}],"version-history":[{"count":0,"href":"https:\/\/www.europesays.com\/fr\/wp-json\/wp\/v2\/posts\/219020\/revisions"}],"wp:featuredmedia":[{"embeddable":true,"href":"https:\/\/www.europesays.com\/fr\/wp-json\/wp\/v2\/media\/219021"}],"wp:attachment":[{"href":"https:\/\/www.europesays.com\/fr\/wp-json\/wp\/v2\/media?parent=219020"}],"wp:term":[{"taxonomy":"category","embeddable":true,"href":"https:\/\/www.europesays.com\/fr\/wp-json\/wp\/v2\/categories?post=219020"},{"taxonomy":"post_tag","embeddable":true,"href":"https:\/\/www.europesays.com\/fr\/wp-json\/wp\/v2\/tags?post=219020"}],"curies":[{"name":"wp","href":"https:\/\/api.w.org\/{rel}","templated":true}]}}