{"id":219024,"date":"2025-07-01T20:36:08","date_gmt":"2025-07-01T20:36:08","guid":{"rendered":"https:\/\/www.europesays.com\/fr\/219024\/"},"modified":"2025-07-01T20:36:08","modified_gmt":"2025-07-01T20:36:08","slug":"un-couteau-dans-le-dos-des-petites-officines","status":"publish","type":"post","link":"https:\/\/www.europesays.com\/fr\/219024\/","title":{"rendered":"Un couteau dans le dos des petites officines"},"content":{"rendered":"<p>Devant la Caisse primaire d&rsquo;assurance maladie (<a href=\"https:\/\/www.laprovence.com\/article\/region\/1526523591007314\/la-cpam-des-bouches-du-rhone-et-les-missions-locales-placent-la-sante-des-jeunes-au-coeur-de-leur-action\" target=\"_blank\" rel=\"noopener\">CPAM<\/a>) du 9e arrondissement de <a href=\"https:\/\/www.laprovence.com\/bouches-du-rhone\/marseille-13055\" target=\"_blank\" rel=\"noopener\">Marseille<\/a>, une cinquantaine de professionnels de sant\u00e9 ont manifest\u00e9 contre la r\u00e9forme du gouvernement qui pr\u00e9voit de plafonner les remises sur les m\u00e9dicaments g\u00e9n\u00e9riques entre 20 et 25 %, contre 40 % auparavant. Cette coupe budg\u00e9taire repr\u00e9senterait en moyenne 600\u00a0millions d&rsquo;euros au niveau national, soit 30 000 euros par officine.<\/p>\n<p>\u00ab\u00a0C&rsquo;est un couteau plant\u00e9 dans le dos de toutes les petites pharmacies\u00a0\u00bb, d\u00e9plore Laurine Lecaillet, secr\u00e9taire g\u00e9n\u00e9rale du Syndicat des pharmaciens des Bouches-du-Rh\u00f4ne, d\u00e9non\u00e7ant une r\u00e9forme qui pourrait entra\u00eener la fermeture de 800 pharmacies en France et la suppression d&rsquo;environ un employ\u00e9 par officine de quartier. \u00ab\u00a0Il y a plein d&rsquo;autres mani\u00e8res de faire des \u00e9conomies, mais on \u00e9tait le petit mouton facile \u00e0 tondre rapidement\u00a0\u00bb, s&rsquo;exclame-t-elle.\u00a0<\/p>\n<p>\u00ab\u00a0L&rsquo;\u00c9tat veut faire des \u00e9conomies quelles que soient les cons\u00e9quences\u00a0\u00bb, accuse <a href=\"https:\/\/www.laprovence.com\/article\/region\/18126328324919\/la-societe-est-de-plus-en-plus-violente-a-marseille-les-pharmaciens-tirent-la-sonnette-d-alarme\" target=\"_blank\" rel=\"noopener\">St\u00e9phane Pichon<\/a>, pr\u00e9sident de l&rsquo;Ordre des pharmaciens Paca-Corse. \u00ab\u00a0Il y aura plus d&rsquo;attente et moins de moyens pour les patients, avec des <a href=\"https:\/\/www.laprovence.com\/article\/region\/44518302485843\/je-n-ai-jamais-vu-ca-de-ma-vie-l-ordre-regional-des-pharmaciens-alerte-sur-la-penurie-de-medicaments\" target=\"_blank\" rel=\"noopener\">ruptures en pagaille<\/a><a href=\"https:\/\/www.laprovence.com\/article\/region\/44518302485843\/je-n-ai-jamais-vu-ca-de-ma-vie-l-ordre-regional-des-pharmaciens-alerte-sur-la-penurie-de-medicaments\" target=\"_blank\" rel=\"noopener\">\u00ab\u00a0<\/a>, d\u00e9nonce \u00e9galement sa coll\u00e8gue. Face \u00e0 cette situation, les professionnels menacent de muscler le mouvement : \u00ab\u00a0Aujourd&rsquo;hui, c&rsquo;est le prologue d&rsquo;une action, si demain on doit durcir le ton, on le fera par des fermetures\u00a0\u00bb,\u00a0menace St\u00e9phane Pichon.<\/p>\n","protected":false},"excerpt":{"rendered":"Devant la Caisse primaire d&rsquo;assurance maladie (CPAM) du 9e arrondissement de Marseille, une cinquantaine de professionnels de sant\u00e9&hellip;\n","protected":false},"author":2,"featured_media":219025,"comment_status":"","ping_status":"","sticky":false,"template":"","format":"standard","meta":{"footnotes":""},"categories":[2814],"tags":[17,1111,11,5264,1446,154,1777,674,1011,27,6151,884,12,35815,882,16,25,9066],"class_list":{"0":"post-219024","1":"post","2":"type-post","3":"status-publish","4":"format-standard","5":"has-post-thumbnail","7":"category-marseille","8":"tag-17","9":"tag-actu","10":"tag-actualites","11":"tag-couteau","12":"tag-dans","13":"tag-des","14":"tag-eu","15":"tag-europe","16":"tag-fr","17":"tag-france","18":"tag-greve","19":"tag-marseille","20":"tag-news","21":"tag-pharmaciens","22":"tag-provence-alpes-cote-dazur","23":"tag-region","24":"tag-republique-francaise","25":"tag-un"},"share_on_mastodon":{"url":"https:\/\/pubeurope.com\/@fr\/114779900085305662","error":""},"_links":{"self":[{"href":"https:\/\/www.europesays.com\/fr\/wp-json\/wp\/v2\/posts\/219024","targetHints":{"allow":["GET"]}}],"collection":[{"href":"https:\/\/www.europesays.com\/fr\/wp-json\/wp\/v2\/posts"}],"about":[{"href":"https:\/\/www.europesays.com\/fr\/wp-json\/wp\/v2\/types\/post"}],"author":[{"embeddable":true,"href":"https:\/\/www.europesays.com\/fr\/wp-json\/wp\/v2\/users\/2"}],"replies":[{"embeddable":true,"href":"https:\/\/www.europesays.com\/fr\/wp-json\/wp\/v2\/comments?post=219024"}],"version-history":[{"count":0,"href":"https:\/\/www.europesays.com\/fr\/wp-json\/wp\/v2\/posts\/219024\/revisions"}],"wp:featuredmedia":[{"embeddable":true,"href":"https:\/\/www.europesays.com\/fr\/wp-json\/wp\/v2\/media\/219025"}],"wp:attachment":[{"href":"https:\/\/www.europesays.com\/fr\/wp-json\/wp\/v2\/media?parent=219024"}],"wp:term":[{"taxonomy":"category","embeddable":true,"href":"https:\/\/www.europesays.com\/fr\/wp-json\/wp\/v2\/categories?post=219024"},{"taxonomy":"post_tag","embeddable":true,"href":"https:\/\/www.europesays.com\/fr\/wp-json\/wp\/v2\/tags?post=219024"}],"curies":[{"name":"wp","href":"https:\/\/api.w.org\/{rel}","templated":true}]}}