{"id":219036,"date":"2025-07-01T20:45:10","date_gmt":"2025-07-01T20:45:10","guid":{"rendered":"https:\/\/www.europesays.com\/fr\/219036\/"},"modified":"2025-07-01T20:45:10","modified_gmt":"2025-07-01T20:45:10","slug":"cette-etrange-journee-de-lete-1940-ou-hitler-a-visite-paris","status":"publish","type":"post","link":"https:\/\/www.europesays.com\/fr\/219036\/","title":{"rendered":"Cette \u00e9trange journ\u00e9e de l\u2019\u00e9t\u00e9 1940 o\u00f9 Hitler a visit\u00e9 Paris"},"content":{"rendered":"<p class=\"mb-4 text-lg md:leading-8 break-words\">La beaut\u00e9 est pleine de vices. L&rsquo;Europe l&rsquo;a appris \u00e0 ses d\u00e9pens, en d\u00e9couvrant l&rsquo;usage d\u00e9voy\u00e9 qu&rsquo;en ont fait les r\u00e9gimes autoritaires. Le drame de l&rsquo;art est d&rsquo;\u00eatre r\u00e9cup\u00e9r\u00e9 par des artistes rat\u00e9s, d\u00e9termin\u00e9s par leur ratage et l&rsquo;amertume qu&rsquo;ils en nourrissent. Les armoires de l&rsquo;humanit\u00e9 sont pleines de <a class=\"link \" href=\"https:\/\/www.lepoint.fr\/debats\/les-tyrans-decoloniaux-des-fascistes-ordinaires-01-02-2021-2412151_2.php\" rel=\"nofollow noopener\" target=\"_blank\" data-ylk=\"slk:tyrans;elm:context_link;itc:0;sec:content-canvas\">tyrans<\/a> jaloux des cr\u00e9ateurs qu&rsquo;ils ont \u00e9t\u00e9 incapables de devenir. Ils en con\u00e7oivent une haine du g\u00e9nie et du talent. Le succ\u00e8s rend heureux, et le bonheur est impardonnable aux yeux de ceux qui n&rsquo;ont pas su l&rsquo;obtenir. Ainsi de <a class=\"link \" href=\"https:\/\/www.lepoint.fr\/societe\/les-derniers-jours-d-adolf-hitler-27-11-2014-1884949_23.php\" rel=\"nofollow noopener\" target=\"_blank\" data-ylk=\"slk:Adolf Hitler.;elm:context_link;itc:0;sec:content-canvas\">Adolf Hitler.<\/a><\/p>\n<p class=\"mb-4 text-lg md:leading-8 break-words\">\u00c0 l&rsquo;\u00e9t\u00e9 1940, il entreprend une visite \u00e0 Paris. C&rsquo;est le sujet du passionnant dernier livre de Michel Gu\u00e9naire*.<\/p>\n<p class=\"mb-4 text-lg md:leading-8 break-words\">Le 23\u00a0juin 1940, Hitler est \u00e0 son quartier g\u00e9n\u00e9ral, dans les Ardennes belges. D\u00e9part pr\u00e9vu\u00a0: 3\u00a0heures du matin. Ce qui pour lui est anormalement t\u00f4t\u00a0: il se couchait et se levait tard. Il a donc peu dormi, voire pas du tout. L&rsquo;absence de sommeil est une forme d&rsquo;ivresse, un \u00e9tat d&rsquo;hyst\u00e9rie apathique, comme en dehors de soi-m\u00eame et de son propre corps. On devient, apr\u00e8s une nuit blanche, le narrateur ext\u00e9rieur de sa propre vie. Ce qui explique peut-\u00eatre le comportement \u00e9trange de Hitler pendant cette journ\u00e9e.<\/p>\n<p>Visite l\u00e9gendaire<\/p>\n<p class=\"mb-4 text-lg md:leading-8 break-words\">L&rsquo;avion d\u00e9colle, Hitler passe le voyage \u00e0 contempler le ciel dans le silence. Il quitte l&rsquo;a\u00e9roport du Bourget dans une Mercedes d\u00e9capotable, traverse La Courneuve, Aubervilliers, d\u00e9serts, et entre dans Paris par la porte de La Villette. Le cort\u00e8ge s&rsquo;arr\u00eate devant l&rsquo;op\u00e9ra Garnier. Hitler est att [&#8230;] <a href=\"https:\/\/www.lepoint.fr\/histoire\/cette-etrange-journee-de-l-ete-1940-ou-hitler-a-visite-paris-01-07-2025-2593464_1615.php\" rel=\"nofollow noopener\" target=\"_blank\" data-ylk=\"slk:Lire la suite;elm:context_link;itc:0;sec:content-canvas\" class=\"link \">Lire la suite<\/a><\/p>\n","protected":false},"excerpt":{"rendered":"La beaut\u00e9 est pleine de vices. L&rsquo;Europe l&rsquo;a appris \u00e0 ses d\u00e9pens, en d\u00e9couvrant l&rsquo;usage d\u00e9voy\u00e9 qu&rsquo;en ont&hellip;\n","protected":false},"author":2,"featured_media":219037,"comment_status":"","ping_status":"","sticky":false,"template":"","format":"standard","meta":{"footnotes":""},"categories":[1888],"tags":[1111,1928,11,1927,19146,1777,674,1011,27,12,1926,626,1925,35816,25],"class_list":{"0":"post-219036","1":"post","2":"type-post","3":"status-publish","4":"format-standard","5":"has-post-thumbnail","7":"category-paris","8":"tag-actu","9":"tag-actu-paris","10":"tag-actualites","11":"tag-actualites-paris","12":"tag-adolf-hitler","13":"tag-eu","14":"tag-europe","15":"tag-fr","16":"tag-france","17":"tag-news","18":"tag-news-paris","19":"tag-paris","20":"tag-paris-news","21":"tag-porte-de-la-villette","22":"tag-republique-francaise"},"share_on_mastodon":{"url":"https:\/\/pubeurope.com\/@fr\/114779935440803962","error":""},"_links":{"self":[{"href":"https:\/\/www.europesays.com\/fr\/wp-json\/wp\/v2\/posts\/219036","targetHints":{"allow":["GET"]}}],"collection":[{"href":"https:\/\/www.europesays.com\/fr\/wp-json\/wp\/v2\/posts"}],"about":[{"href":"https:\/\/www.europesays.com\/fr\/wp-json\/wp\/v2\/types\/post"}],"author":[{"embeddable":true,"href":"https:\/\/www.europesays.com\/fr\/wp-json\/wp\/v2\/users\/2"}],"replies":[{"embeddable":true,"href":"https:\/\/www.europesays.com\/fr\/wp-json\/wp\/v2\/comments?post=219036"}],"version-history":[{"count":0,"href":"https:\/\/www.europesays.com\/fr\/wp-json\/wp\/v2\/posts\/219036\/revisions"}],"wp:featuredmedia":[{"embeddable":true,"href":"https:\/\/www.europesays.com\/fr\/wp-json\/wp\/v2\/media\/219037"}],"wp:attachment":[{"href":"https:\/\/www.europesays.com\/fr\/wp-json\/wp\/v2\/media?parent=219036"}],"wp:term":[{"taxonomy":"category","embeddable":true,"href":"https:\/\/www.europesays.com\/fr\/wp-json\/wp\/v2\/categories?post=219036"},{"taxonomy":"post_tag","embeddable":true,"href":"https:\/\/www.europesays.com\/fr\/wp-json\/wp\/v2\/tags?post=219036"}],"curies":[{"name":"wp","href":"https:\/\/api.w.org\/{rel}","templated":true}]}}