{"id":219045,"date":"2025-07-01T20:50:12","date_gmt":"2025-07-01T20:50:12","guid":{"rendered":"https:\/\/www.europesays.com\/fr\/219045\/"},"modified":"2025-07-01T20:50:12","modified_gmt":"2025-07-01T20:50:12","slug":"etats-unis-au-bout-de-6-mois-de-presidence-trump-le-dollar-boucle-son-pire-semestre-depuis-plus-de-50-ans","status":"publish","type":"post","link":"https:\/\/www.europesays.com\/fr\/219045\/","title":{"rendered":"\u00c9tats-Unis : au bout de 6 mois de pr\u00e9sidence Trump, le dollar boucle son pire semestre depuis plus de 50 ans"},"content":{"rendered":"<ul class=\"jsx-862013697 ArticleChapo__List\">\n<li class=\"jsx-862013697 ArticleChapo__List_Item flex\">Il y a un peu moins de six mois, Donald Trump \u00e9tait de retour \u00e0 la Maison Blanche.<\/li>\n<li class=\"jsx-862013697 ArticleChapo__List_Item flex\">Pratiquement sur la m\u00eame p\u00e9riode, le dollar a r\u00e9alis\u00e9 sa pire performance depuis 1973.<\/li>\n<li class=\"jsx-862013697 ArticleChapo__List_Item flex\">La \u00ab\u00a0grande et belle loi\u00a0\u00bb budg\u00e9taire, que vient de voter le S\u00e9nat, ne fait rien pour rassurer les march\u00e9s.<\/li>\n<\/ul>\n<p><a href=\"https:\/\/www.tf1info.fr\/actualite\/etats-unis-election-presidentielle-americaine-2024-donald-trump-vs-kamala-harris-13534\/\" rel=\"noopener\" class=\"jsx-484472199 Link jsx-1428418400 jsx-554215408\" target=\"_blank\"><\/p>\n<p style=\"font-weight:400\" class=\"jsx-1837267516\">Suivez la couverture compl\u00e8te<\/p>\n<p style=\"font-weight:800\" class=\"jsx-1837267516\">Le second mandat de Donald Trump<\/p>\n<p><\/a><\/p>\n<p data-module=\"article-paragraph\" class=\"jsx-3046738180 Paragraph Paragraph__End\">Le dollar est rest\u00e9 stable ce mardi 1er juillet, apr\u00e8s avoir r\u00e9alis\u00e9 au premier semestre 2025 sa pire performance depuis plus de 50 ans, plomb\u00e9 par les politiques commerciale et budg\u00e9taire de Donald Trump, qui \u00e9rodent la confiance des investisseurs. Selon l&rsquo;\u00e9volution du Dollar Index, qui compare la devise am\u00e9ricaine \u00e0 un panier d&rsquo;autres grandes monnaies, le billet vert a perdu 10,8% sur les six premiers mois de l&rsquo;ann\u00e9e. Il s&rsquo;agit de sa plus lourde chute pour un d\u00e9but d&rsquo;ann\u00e9e depuis 1973 et la fin du syst\u00e8me de<a href=\"https:\/\/www.tf1info.fr\/economie\/video-anniversaire-des-20-ans-de-l-euro-le-franc-c-est-bien-de-l-histoire-ancienne-2205887.html\" target=\"_blank\" rel=\"noopener\"> Bretton-Woods<\/a>, qui l&rsquo;imposait comme devise de r\u00e9f\u00e9rence.<\/p>\n<p>\u00ab\u00a0Une lente \u00e9rosion\u00a0\u00bb<\/p>\n<p data-module=\"article-paragraph\" class=\"jsx-3046738180 Paragraph Paragraph__End\">\u00ab\u00a0Le dollar ne chute pas brutalement, mais conna\u00eet plut\u00f4t une lente \u00e9rosion de la confiance\u00a0\u00bb <a href=\"https:\/\/www.tf1info.fr\/economie\/video-guerre-commerciale-droits-de-douane-les-milliardaires-demandent-des-comptes-a-donald-trump-2363904.html\" target=\"_blank\" rel=\"noopener\">que le march\u00e9 lui accorde<\/a>, estime Stephen Innes, analyste chez SPI AM. Au premier jour du second semestre, \u00ab\u00a0les politiques budg\u00e9taires et mon\u00e9taires sont au centre des pr\u00e9occupations des op\u00e9rateurs (&#8230;) de m\u00eame que les d\u00e9veloppements continus de la politique commerciale, qui ont tous des cons\u00e9quences n\u00e9fastes pour le dollar\u00a0\u00bb, soulignent les analystes de Monex USA.<\/p>\n<p>Un budget qui interroge<\/p>\n<p data-module=\"article-paragraph\" class=\"jsx-3046738180 Paragraph Paragraph__End\">Les cambistes ont notamment scrut\u00e9 les derniers d\u00e9veloppements concernant la \u00ab\u00a0grande et belle loi\u00a0\u00bb (\u00ab\u00a0Big, beautiful bill\u00a0\u00bb, en anglais) de Donald Trump, d\u00e9cri\u00e9e <a href=\"https:\/\/www.tf1info.fr\/international\/etats-unis-abomination-repugnante-elon-musk-etrille-le-megaprojet-de-loi-budgetaire-de-trump-2374773.html\" target=\"_blank\" rel=\"noopener\">jusque dans son propre camp<\/a>. Il a certes glan\u00e9 ce mardi 1er juillet une importante victoire l\u00e9gislative avec l&rsquo;adoption de justesse au S\u00e9nat am\u00e9ricain de son projet de loi budg\u00e9taire de plusieurs milliers de milliards de dollars, qui comprend des cr\u00e9dits d&rsquo;imp\u00f4t massifs, mais aussi de <a href=\"https:\/\/www.tf1info.fr\/international\/la-vie-de-millions-de-personnes-menacee-par-les-coupes-budgetaires-de-donald-trump-previent-l-oms-2359919.html\" target=\"_blank\" rel=\"noopener\">vastes coupes dans la Sant\u00e9<\/a>. Le Bureau budg\u00e9taire du Congr\u00e8s, charg\u00e9 d&rsquo;\u00e9valuer de mani\u00e8re non partisane l&rsquo;impact des projets de loi sur les finances publiques, estime que le texte augmenterait la dette am\u00e9ricaine de plus de 3.000 milliards de dollars d&rsquo;ici \u00e0 2034.\u00a0<\/p>\n<p><a href=\"https:\/\/www.tf1info.fr\/economie\/guerre-commerciale-peter-navarro-ce-conseiller-economique-qui-susurre-a-l-oreille-de-donald-trump-2363989.html\" rel=\"noopener\" class=\"jsx-3308031228 Link flex\" target=\"_blank\"><img decoding=\"async\" src=\"https:\/\/www.europesays.com\/fr\/wp-content\/uploads\/2025\/07\/peter-navarro-maison-blanche-749907-0@1x.jpeg\" alt=\"Le conseiller \u00e9conomique de la Maison Blanche Peter Navarro.\" loading=\"lazy\" importance=\"low\" fetchpriority=\"low\" class=\"\"\/><\/p>\n<p class=\"jsx-3657663356 ReadMoreArticle__Title\">Lire aussi<\/p>\n<p class=\"jsx-3657663356\">Guerre commerciale : Peter Navarro, ce conseiller \u00e9conomique qui susurre \u00e0 l&rsquo;oreille de Donald Trump<\/p>\n<p><\/a><\/p>\n<p data-module=\"article-paragraph\" class=\"jsx-3046738180 Paragraph\">\u00ab\u00a0Les investissements \u00e9trangers dans la dette publique am\u00e9ricaine ont d\u00e9j\u00e0 diminu\u00e9 au cours du premier semestre de cette ann\u00e9e et cette tendance semble devoir se poursuivre, ce qui rend le dollar globalement baissier\u00a0\u00bb, estiment les analystes de Monex USA. La Chambre des repr\u00e9sentants est d\u00e9sormais lanc\u00e9e dans un sprint pour adopter la version r\u00e9vis\u00e9e du texte avant vendredi, le 4 juillet, jour de la f\u00eate nationale, que Donald Trump a fix\u00e9 comme \u00e9ch\u00e9ance symbolique pour la promulguer.\u00a0<\/p>\n<p data-module=\"article-paragraph\" class=\"jsx-3046738180 Paragraph Paragraph__End\">De retour \u00e0 la Maison Blanche depuis le 20 janvier dernier, le pr\u00e9sident am\u00e9ricain n&rsquo;a cess\u00e9 de d\u00e9stabiliser alli\u00e9s et partenaires commerciaux, notamment au gr\u00e9 d&rsquo;augmentations vertigineuses de droits de douanes avec un grand nombre de pays, ou de discours dont la pertinence \u00e9conomique laisse perplexes les sp\u00e9cialistes.<\/p>\n<p>F.Se avec AFP<\/p>\n","protected":false},"excerpt":{"rendered":"Il y a un peu moins de six mois, Donald Trump \u00e9tait de retour \u00e0 la Maison Blanche.&hellip;\n","protected":false},"author":2,"featured_media":219046,"comment_status":"","ping_status":"","sticky":false,"template":"","format":"standard","meta":{"footnotes":""},"categories":[1589],"tags":[1111,11,1921,1003,75,73,1866,1922,2497,12,1864,1865,1863,308,133,1920],"class_list":{"0":"post-219045","1":"post","2":"type-post","3":"status-publish","4":"format-standard","5":"has-post-thumbnail","7":"category-etats-unis","8":"tag-actu","9":"tag-actualites","10":"tag-article-video","11":"tag-budget","12":"tag-donald-trump","13":"tag-etats-unis","14":"tag-etats-unis-damerique","15":"tag-info","16":"tag-le-second-mandat-de-donald-trump","17":"tag-news","18":"tag-united-states","19":"tag-united-states-of-america","20":"tag-us","21":"tag-usa","22":"tag-video","23":"tag-video-international"},"share_on_mastodon":{"url":"https:\/\/pubeurope.com\/@fr\/114779955377828715","error":""},"_links":{"self":[{"href":"https:\/\/www.europesays.com\/fr\/wp-json\/wp\/v2\/posts\/219045","targetHints":{"allow":["GET"]}}],"collection":[{"href":"https:\/\/www.europesays.com\/fr\/wp-json\/wp\/v2\/posts"}],"about":[{"href":"https:\/\/www.europesays.com\/fr\/wp-json\/wp\/v2\/types\/post"}],"author":[{"embeddable":true,"href":"https:\/\/www.europesays.com\/fr\/wp-json\/wp\/v2\/users\/2"}],"replies":[{"embeddable":true,"href":"https:\/\/www.europesays.com\/fr\/wp-json\/wp\/v2\/comments?post=219045"}],"version-history":[{"count":0,"href":"https:\/\/www.europesays.com\/fr\/wp-json\/wp\/v2\/posts\/219045\/revisions"}],"wp:featuredmedia":[{"embeddable":true,"href":"https:\/\/www.europesays.com\/fr\/wp-json\/wp\/v2\/media\/219046"}],"wp:attachment":[{"href":"https:\/\/www.europesays.com\/fr\/wp-json\/wp\/v2\/media?parent=219045"}],"wp:term":[{"taxonomy":"category","embeddable":true,"href":"https:\/\/www.europesays.com\/fr\/wp-json\/wp\/v2\/categories?post=219045"},{"taxonomy":"post_tag","embeddable":true,"href":"https:\/\/www.europesays.com\/fr\/wp-json\/wp\/v2\/tags?post=219045"}],"curies":[{"name":"wp","href":"https:\/\/api.w.org\/{rel}","templated":true}]}}