{"id":219051,"date":"2025-07-01T20:53:11","date_gmt":"2025-07-01T20:53:11","guid":{"rendered":"https:\/\/www.europesays.com\/fr\/219051\/"},"modified":"2025-07-01T20:53:11","modified_gmt":"2025-07-01T20:53:11","slug":"conges-chaleur-cloitres-les-bonnes-idees-de-nos-voisins-europeens-pour-affronter-la-canicule","status":"publish","type":"post","link":"https:\/\/www.europesays.com\/fr\/219051\/","title":{"rendered":"Cong\u00e9s chaleur, clo\u00eetres\u2026 Les bonnes id\u00e9es de nos voisins europ\u00e9ens pour affronter la canicule"},"content":{"rendered":"<p>R\u00e9duire les horaires de cours, mus\u00e9es gratuits, mieux prot\u00e9ger les femmes des violences conjugales plus fr\u00e9quentes quand il fait chaud\u00a0: voici quelques mesures mises en place par des pays d\u2019<a href=\"https:\/\/www.20minutes.fr\/dossier\/europe\" class=\"color-ultramarine c-link\" rel=\"nofollow noopener\" target=\"_blank\">Europe<\/a> plus ou moins habitu\u00e9s aux chaleurs extr\u00eames en cas de <a href=\"https:\/\/www.20minutes.fr\/dossier\/canicule\" class=\"color-ultramarine c-link\" rel=\"nofollow noopener\" target=\"_blank\">canicule<\/a>.<\/p>\n<p>Italie<\/p>\n<p>Les plus de 75 ans ont droit \u00e0 des visites guid\u00e9es gratuites de mus\u00e9es climatis\u00e9s et de b\u00e2timents publics \u00e0 <a href=\"https:\/\/www.20minutes.fr\/dossier\/venise\" class=\"color-ultramarine c-link\" rel=\"nofollow noopener\" target=\"_blank\">Venise<\/a>. Les piscines de <a href=\"https:\/\/www.20minutes.fr\/dossier\/rome\" class=\"color-ultramarine c-link\" rel=\"nofollow noopener\" target=\"_blank\">Rome<\/a> sont gratuites pour les plus de 70 ans. L\u2019h\u00f4pital dei Colli de Naples a des voies d\u2019acc\u00e8s d\u00e9di\u00e9es pour les victimes de coups de chaleur, pour acc\u00e9l\u00e9rer leur prise en charge et notamment leur immersion dans de l\u2019eau froide.<\/p>\n<p>Pays-Bas<\/p>\n<p>Les \u00e9coles de <a href=\"https:\/\/www.20minutes.fr\/dossier\/rotterdam\" class=\"color-ultramarine c-link\" rel=\"nofollow noopener\" target=\"_blank\">Rotterdam<\/a> et du Brabant occidental ont un syst\u00e8me d\u2019horaires dits \u00ab\u00a0tropicaux\u00a0\u00bb, qui ont \u00e9t\u00e9 d\u00e9clench\u00e9s ce mardi, et qui font d\u00e9marrer les cours plus t\u00f4t, \u00e0 8 heures au lieu de 8h45. Ils se terminent \u00e0 midi, sans cours l\u2019apr\u00e8s-midi.<\/p>\n<p>Allemagne<\/p>\n<p>En <a href=\"https:\/\/www.20minutes.fr\/dossier\/allemagne\" class=\"color-ultramarine c-link\" rel=\"nofollow noopener\" target=\"_blank\">Allemagne<\/a> existe depuis la fin du XIXe\u00a0si\u00e8cle le \u00ab\u00a0hitzefrei\u00a0\u00bb, le cong\u00e9 pour cause de chaleur, tr\u00e8s populaire chez les \u00e9coliers quand vient l\u2019\u00e9t\u00e9. Les conditions pour l\u2019instaurer sont \u00e9tablies par les r\u00e9gions qui ont la main sur l\u2019\u00e9ducation, mais ce sont les \u00e9tablissements qui prennent la d\u00e9cision. Certains L\u00e4nder fixent des temp\u00e9ratures de 25\u00a0\u00b0C ou 27\u00a0\u00b0C comme r\u00e9f\u00e9rence. La journ\u00e9e d\u2019\u00e9cole peut ainsi \u00eatre interrompue aux alentours de midi, sachant que les cours commencent \u00e0 8 heures et que les vacances d\u2019\u00e9t\u00e9 ne durent que six semaines.<\/p>\n<p>Autriche<\/p>\n<p>Vingt-trois \u00ab\u00a0oasis climat\u00a0\u00bb avec climatisation, boissons et collations sont install\u00e9es dans des clo\u00eetres, galeries ou jardins d\u2019\u00e9glises par l\u2019association catholique Caritas, qui propose aussi des bus m\u00e9dicalis\u00e9s avec m\u00e9decins volontaires.<\/p>\n<p>Et la France\u00a0?<\/p>\n<p>A <a href=\"https:\/\/www.20minutes.fr\/societe\/orleans\/\" class=\"color-ultramarine c-link\" rel=\"nofollow noopener\" target=\"_blank\">Orl\u00e9ans<\/a> et dans d\u2019autres villes, l\u2019acc\u00e8s \u00e0 certains mus\u00e9es climatis\u00e9s est gratuit. A Lyon, la r\u00e8gle est que les mus\u00e9es municipaux deviennent gratuits apr\u00e8s 11 jours de vigilance orange canicule, ce qui n\u2019a pas encore \u00e9t\u00e9 enclench\u00e9. A Marseille, les piscines municipales sont gratuites pendant la canicule.<\/p>\n<\/p>\n<p>De nombreuses villes vont laisser les parcs et jardins publics ouverts plus tard, jusqu\u2019\u00e0 23 heures \u00e0 Bordeaux et toute la nuit \u00e0 Paris. Plusieurs piscines parisiennes fermeront aussi plus tard, \u00e0 22 heures.<\/p>\n","protected":false},"excerpt":{"rendered":"R\u00e9duire les horaires de cours, mus\u00e9es gratuits, mieux prot\u00e9ger les femmes des violences conjugales plus fr\u00e9quentes quand il&hellip;\n","protected":false},"author":2,"featured_media":219052,"comment_status":"","ping_status":"","sticky":false,"template":"","format":"standard","meta":{"footnotes":""},"categories":[1586],"tags":[11,672,6698,7343,13208,1777,674,1011,27,13961,12,3951,52,25,71],"class_list":{"0":"post-219051","1":"post","2":"type-post","3":"status-publish","4":"format-standard","5":"has-post-thumbnail","7":"category-europe","8":"tag-actualites","9":"tag-allemagne","10":"tag-canicule","11":"tag-centre-val-de-loire","12":"tag-chaleur","13":"tag-eu","14":"tag-europe","15":"tag-fr","16":"tag-france","17":"tag-loiret","18":"tag-news","19":"tag-orleans","20":"tag-planete","21":"tag-republique-francaise","22":"tag-sante"},"share_on_mastodon":{"url":"https:\/\/pubeurope.com\/@fr\/114779966947535739","error":""},"_links":{"self":[{"href":"https:\/\/www.europesays.com\/fr\/wp-json\/wp\/v2\/posts\/219051","targetHints":{"allow":["GET"]}}],"collection":[{"href":"https:\/\/www.europesays.com\/fr\/wp-json\/wp\/v2\/posts"}],"about":[{"href":"https:\/\/www.europesays.com\/fr\/wp-json\/wp\/v2\/types\/post"}],"author":[{"embeddable":true,"href":"https:\/\/www.europesays.com\/fr\/wp-json\/wp\/v2\/users\/2"}],"replies":[{"embeddable":true,"href":"https:\/\/www.europesays.com\/fr\/wp-json\/wp\/v2\/comments?post=219051"}],"version-history":[{"count":0,"href":"https:\/\/www.europesays.com\/fr\/wp-json\/wp\/v2\/posts\/219051\/revisions"}],"wp:featuredmedia":[{"embeddable":true,"href":"https:\/\/www.europesays.com\/fr\/wp-json\/wp\/v2\/media\/219052"}],"wp:attachment":[{"href":"https:\/\/www.europesays.com\/fr\/wp-json\/wp\/v2\/media?parent=219051"}],"wp:term":[{"taxonomy":"category","embeddable":true,"href":"https:\/\/www.europesays.com\/fr\/wp-json\/wp\/v2\/categories?post=219051"},{"taxonomy":"post_tag","embeddable":true,"href":"https:\/\/www.europesays.com\/fr\/wp-json\/wp\/v2\/tags?post=219051"}],"curies":[{"name":"wp","href":"https:\/\/api.w.org\/{rel}","templated":true}]}}