{"id":219055,"date":"2025-07-01T20:55:11","date_gmt":"2025-07-01T20:55:11","guid":{"rendered":"https:\/\/www.europesays.com\/fr\/219055\/"},"modified":"2025-07-01T20:55:11","modified_gmt":"2025-07-01T20:55:11","slug":"besancon-deux-deces-potentiellement-lies-a-la-chaleur-recenses-en-moins-de-24h","status":"publish","type":"post","link":"https:\/\/www.europesays.com\/fr\/219055\/","title":{"rendered":"Besan\u00e7on. Deux d\u00e9c\u00e8s potentiellement li\u00e9s \u00e0 la chaleur recens\u00e9s en moins de 24h"},"content":{"rendered":"<p>Ce sont des passants qui ont fait la macabre d\u00e9couverte, mardi matin, au centre-ville . \u00c0 proximit\u00e9 de l\u2019\u00e9glise Saint-Pierre, ils ont retrouv\u00e9 le corps sans vie d\u2019un sans domicile fixe. Un d\u00e9c\u00e8s potentiellement li\u00e9 \u00e0 la chaleur, comme celui d\u2019un employ\u00e9 dans les travaux publics, survenu quelques heures plus t\u00f4t sur un chantier \u00e0 Besan\u00e7on. Ce dernier, un homme de 35 ans, s\u2019\u00e9tait plaint \u00e0 plusieurs reprises des fortes temp\u00e9ratures au cours de la journ\u00e9e. Le parquet de Besan\u00e7on a demand\u00e9 une autopsie pour d\u00e9terminer les raisons pr\u00e9cises du d\u00e9c\u00e8s.<\/p>\n<p>Mardi matin, des t\u00e9moins ont tent\u00e9 de prendre contact avec l\u2019homme, \u00e9tendu au sol. Sans r\u00e9action de sa part, ils ont imm\u00e9diatement pr\u00e9venu les pompiers qui se sont rendus sur les lieux, peu avant 9\u00a0h. Les secours n\u2019ont pu que constater le d\u00e9c\u00e8s de la victime, en arr\u00eat cardiaque.<\/p>\n<p>  <a href=\"https:\/\/www.estrepublicain.fr\/p\/anne-vignot\" target=\"_blank\" rel=\"nofollow noopener\">Anne Vignot<\/a> : \u00ab\u00a0Un homme est mort de chaud\u00a0\u00bb<\/p>\n<p>D\u2019apr\u00e8s les constatations sur les lieux, il s\u2019agirait d\u2019un homme qui vivait dans la rue, \u00e2g\u00e9 d\u2019une cinquantaine d\u2019ann\u00e9es. Une enqu\u00eate a \u00e9t\u00e9 ouverte pour identifier la victime et \u00e9tablir les causes de son d\u00e9c\u00e8s. Les cam\u00e9ras de vid\u00e9osurveillance, pr\u00e9sentes dans la zone, seront exploit\u00e9es.<\/p>\n<p>\u00ab\u00a0Un homme est mort de chaud\u00a0\u00bb, a r\u00e9agi la maire de Besan\u00e7on dans un communiqu\u00e9, mardi en d\u00e9but d\u2019apr\u00e8s-midi. Anne Vignot d\u00e9plorant le d\u00e9c\u00e8s d\u2019un homme sans domicile fixe, \u00ab\u00a0tr\u00e8s certainement en lien avec la canicule en cours.\u00a0\u00bb L\u2019\u00e9lue a rappel\u00e9 que \u00ab\u00a0des points d\u2019eau potable sont accessibles dans les espaces publics, une carte recensant les zones de fra\u00eecheur a \u00e9galement \u00e9t\u00e9 \u00e9tablie pour la ville, qui peuvent servir de refuge. Nous rappelons que la Boutique Jeanne-Antide, rue Champrond, accueille le matin et le midi les personnes \u00e0 la rue, avec possibilit\u00e9 de douche et de repas. L\u2019abri de nuit Marguerite Vieille-Marchiset re\u00e7oit tous les soirs de l\u2019ann\u00e9e les personnes \u00e0 la rue, sur appel du 115. La veille mobile agit du lundi et vendredi, et vient apporter de l\u2019aide vitale pour les personnes \u00e0 la rue, dont celles particuli\u00e8rement vuln\u00e9rables.\u00a0\u00bb<\/p>\n<p>Les citoyens, en cas de doute, peuvent appeler le 15.\u00a0\u00bb <\/p>\n","protected":false},"excerpt":{"rendered":"Ce sont des passants qui ont fait la macabre d\u00e9couverte, mardi matin, au centre-ville . \u00c0 proximit\u00e9 de&hellip;\n","protected":false},"author":2,"featured_media":219056,"comment_status":"","ping_status":"","sticky":false,"template":"","format":"standard","meta":{"footnotes":""},"categories":[2],"tags":[119,11,10112,14382,8026,14383,274,1011,27,12,11058,25],"class_list":{"0":"post-219055","1":"post","2":"type-post","3":"status-publish","4":"format-standard","5":"has-post-thumbnail","7":"category-actualites","8":"tag-accident","9":"tag-actualites","10":"tag-besancon","11":"tag-besancon-ville-25a","12":"tag-doubs","13":"tag-edition-besancon","14":"tag-faits-divers-justice","15":"tag-fr","16":"tag-france","17":"tag-news","18":"tag-region-franche-comte","19":"tag-republique-francaise"},"share_on_mastodon":{"url":"https:\/\/pubeurope.com\/@fr\/114779974827672315","error":""},"_links":{"self":[{"href":"https:\/\/www.europesays.com\/fr\/wp-json\/wp\/v2\/posts\/219055","targetHints":{"allow":["GET"]}}],"collection":[{"href":"https:\/\/www.europesays.com\/fr\/wp-json\/wp\/v2\/posts"}],"about":[{"href":"https:\/\/www.europesays.com\/fr\/wp-json\/wp\/v2\/types\/post"}],"author":[{"embeddable":true,"href":"https:\/\/www.europesays.com\/fr\/wp-json\/wp\/v2\/users\/2"}],"replies":[{"embeddable":true,"href":"https:\/\/www.europesays.com\/fr\/wp-json\/wp\/v2\/comments?post=219055"}],"version-history":[{"count":0,"href":"https:\/\/www.europesays.com\/fr\/wp-json\/wp\/v2\/posts\/219055\/revisions"}],"wp:featuredmedia":[{"embeddable":true,"href":"https:\/\/www.europesays.com\/fr\/wp-json\/wp\/v2\/media\/219056"}],"wp:attachment":[{"href":"https:\/\/www.europesays.com\/fr\/wp-json\/wp\/v2\/media?parent=219055"}],"wp:term":[{"taxonomy":"category","embeddable":true,"href":"https:\/\/www.europesays.com\/fr\/wp-json\/wp\/v2\/categories?post=219055"},{"taxonomy":"post_tag","embeddable":true,"href":"https:\/\/www.europesays.com\/fr\/wp-json\/wp\/v2\/tags?post=219055"}],"curies":[{"name":"wp","href":"https:\/\/api.w.org\/{rel}","templated":true}]}}